{"id":2310,"date":"2020-05-28T10:54:29","date_gmt":"2020-05-28T10:54:29","guid":{"rendered":"https:\/\/ch.alfasigma.com\/?p=2310"},"modified":"2020-09-13T15:14:37","modified_gmt":"2020-09-13T15:14:37","slug":"colli-con-restart-sicurezza-per-persone-e-asset-aziendali","status":"publish","type":"post","link":"https:\/\/ch.alfasigma.com\/it\/corporate\/colli-con-restart-sicurezza-per-persone-e-asset-aziendali\/","title":{"rendered":"Colli: \"Con #Restart sicurezza per persone e asset aziendali\""},"content":{"rendered":"<p>Riprendere nell'attivit\u00e0 d'impresa nella Fase 2 dell'emergenza coronavirus in assoluta sicurezza e protezione delle persone e degli asset aziendali. \u00c8 l'obiettivo di Alfasigma con il progetto #Restart, come spiega, in un'intervista ad Adnkronos, l'amministratore delegato dell'azienda Pier Vincenzo Colli. Alfasigma si posiziona tra i principali player dell\u2019industria farmaceutica del nostro Paese ed \u00e8 presente in maniera estesa sul mercato internazionale non solo per quantit\u00e0 di prodotti ma anche perch\u00e9 pu\u00f2 contare su un vasto numero di consociate e controllate nonch\u00e9 su un network di distributori che ne garantiscono la diffusione nei cinque continenti e in quasi 90 paesi del mondo.<\/p>\n<p>\"<em>Covid in Italia \u00e8 stata per noi un\u2019emergenza quasi annunciata<\/em> \u2013 racconta Colli \u2013 <em>e abbiamo gestito il tutto mettendo al primo posto la salute dei collaboratori e delle loro famiglie, oltre a quello dei nostri interlocutori e delle comunit\u00e0 locali. Infatti, fin da met\u00e0 gennaio la filiale cinese con le sue due sedi di Shanghai e Pechino era stata costretta al lockdown, cos\u00ec come poi \u00e8 accaduto in Italia: informazione scientifica in remoto, uffici chiusi, limitazione negli spostamenti e accessi vietati negli ospedali. Quindi sapevamo cosa ci aspettava e abbiamo gestito l\u2019ingresso nella fase di lockdown con un graduale fermo dell\u2019informazione scientifica, la chiusura dal 9 marzo degli uffici di Milano e Bologna con lo spostamento delle persone in smart working. Tutto ci\u00f2 a cascata si \u00e8 poi verificato nelle filiali estere che via via venivano coinvolte nei lockdown dei singoli Paesi<\/em>\".<\/p>\n<p><a href=\"https:\/\/www.adnkronos.com\/lavoro\/dati\/2020\/05\/28\/colli-alfasigma-con-restart-sicurezza-per-persone-asset-aziendali_sS1bgVshowVJpm0kCJ781K.html?fbclid=IwAR16w9qbJqw0oAAmIKVyxc_QmwmVAB1LXIjq1UJ7KafvwbbKSiQt40OMGro\">\u21d2 Link alla notizia completa<\/a><\/p>\n","protected":false},"excerpt":{"rendered":"<p>Il Ceo spiega come Alfasigma si \u00e8 impegnata per riprendere l'attivit\u00e0 d'impresa nella Fase 2 dell'emergenza coronavirus.<\/p>\n","protected":false},"author":1,"featured_media":2311,"comment_status":"closed","ping_status":"closed","sticky":false,"template":"","format":"standard","meta":{"_acf_changed":false,"footnotes":""},"categories":[5],"tags":[],"class_list":["post-2310","post","type-post","status-publish","format-standard","has-post-thumbnail","hentry","category-corporate"],"acf":[],"yoast_head":"<!-- This site is optimized with the Yoast SEO plugin v27.3 - https:\/\/yoast.com\/product\/yoast-seo-wordpress\/ -->\n<title>Alfasigma Schweiz - Colli: &quot;Con #Restart sicurezza per persone e asset aziendali&quot;<\/title>\n<meta name=\"description\" content=\"Il Ceo spiega come Alfasigma si \u00e8 impegnata per riprendere l&#039;attivit\u00e0 d&#039;impresa nella Fase 2 dell&#039;emergenza coronavirus.\" \/>\n<meta name=\"robots\" content=\"index,follow\" \/>\n<link rel=\"canonical\" href=\"https:\/\/ch.alfasigma.com\/it\/corporate\/colli-con-restart-sicurezza-per-persone-e-asset-aziendali\/\" \/>\n<meta property=\"og:locale\" content=\"it_IT\" \/>\n<meta property=\"og:type\" content=\"article\" \/>\n<meta property=\"og:title\" content=\"Alfasigma Schweiz - Colli: &quot;Con #Restart sicurezza per persone e asset aziendali&quot;\" \/>\n<meta property=\"og:description\" content=\"Il Ceo spiega come Alfasigma si \u00e8 impegnata per riprendere l&#039;attivit\u00e0 d&#039;impresa nella Fase 2 dell&#039;emergenza coronavirus.\" \/>\n<meta property=\"og:url\" content=\"https:\/\/ch.alfasigma.com\/it\/corporate\/colli-con-restart-sicurezza-per-persone-e-asset-aziendali\/\" \/>\n<meta property=\"og:site_name\" content=\"Alfasigma Schweiz\" \/>\n<meta property=\"article:published_time\" content=\"2020-05-28T10:54:29+00:00\" \/>\n<meta property=\"article:modified_time\" content=\"2020-09-13T15:14:37+00:00\" \/>\n<meta property=\"og:image\" content=\"https:\/\/ch.alfasigma.com\/wp-content\/uploads\/2020\/09\/sicurezza-alfasigma.jpg\" \/>\n\t<meta property=\"og:image:width\" content=\"1300\" \/>\n\t<meta property=\"og:image:height\" content=\"867\" \/>\n\t<meta property=\"og:image:type\" content=\"image\/jpeg\" \/>\n<meta name=\"author\" content=\"admin\" \/>\n<meta name=\"twitter:card\" content=\"summary_large_image\" \/>\n<meta name=\"twitter:label1\" content=\"Written by\" \/>\n\t<meta name=\"twitter:data1\" content=\"admin\" \/>\n\t<meta name=\"twitter:label2\" content=\"Est. reading time\" \/>\n\t<meta name=\"twitter:data2\" content=\"1 minute\" \/>\n<script type=\"application\/ld+json\" class=\"yoast-schema-graph\">{\"@context\":\"https:\\\/\\\/schema.org\",\"@graph\":[{\"@type\":\"Article\",\"@id\":\"https:\\\/\\\/ch.alfasigma.com\\\/it\\\/corporate\\\/colli-con-restart-sicurezza-per-persone-e-asset-aziendali\\\/#article\",\"isPartOf\":{\"@id\":\"https:\\\/\\\/ch.alfasigma.com\\\/it\\\/corporate\\\/colli-con-restart-sicurezza-per-persone-e-asset-aziendali\\\/\"},\"author\":{\"name\":\"admin\",\"@id\":\"https:\\\/\\\/ch.alfasigma.com\\\/it\\\/#\\\/schema\\\/person\\\/dab59571a7eb5cc12ec8e669859cb501\"},\"headline\":\"Colli: \\\"Con #Restart sicurezza per persone e asset aziendali\\\"\",\"datePublished\":\"2020-05-28T10:54:29+00:00\",\"dateModified\":\"2020-09-13T15:14:37+00:00\",\"mainEntityOfPage\":{\"@id\":\"https:\\\/\\\/ch.alfasigma.com\\\/it\\\/corporate\\\/colli-con-restart-sicurezza-per-persone-e-asset-aziendali\\\/\"},\"wordCount\":257,\"image\":{\"@id\":\"https:\\\/\\\/ch.alfasigma.com\\\/it\\\/corporate\\\/colli-con-restart-sicurezza-per-persone-e-asset-aziendali\\\/#primaryimage\"},\"thumbnailUrl\":\"https:\\\/\\\/ch.alfasigma.com\\\/wp-content\\\/uploads\\\/2020\\\/09\\\/sicurezza-alfasigma.jpg\",\"articleSection\":[\"Corporate\"],\"inLanguage\":\"it-CH\"},{\"@type\":\"WebPage\",\"@id\":\"https:\\\/\\\/ch.alfasigma.com\\\/it\\\/corporate\\\/colli-con-restart-sicurezza-per-persone-e-asset-aziendali\\\/\",\"url\":\"https:\\\/\\\/ch.alfasigma.com\\\/it\\\/corporate\\\/colli-con-restart-sicurezza-per-persone-e-asset-aziendali\\\/\",\"name\":\"Alfasigma Schweiz - Colli: \\\"Con #Restart sicurezza per persone e asset aziendali\\\"\",\"isPartOf\":{\"@id\":\"https:\\\/\\\/ch.alfasigma.com\\\/it\\\/#website\"},\"primaryImageOfPage\":{\"@id\":\"https:\\\/\\\/ch.alfasigma.com\\\/it\\\/corporate\\\/colli-con-restart-sicurezza-per-persone-e-asset-aziendali\\\/#primaryimage\"},\"image\":{\"@id\":\"https:\\\/\\\/ch.alfasigma.com\\\/it\\\/corporate\\\/colli-con-restart-sicurezza-per-persone-e-asset-aziendali\\\/#primaryimage\"},\"thumbnailUrl\":\"https:\\\/\\\/ch.alfasigma.com\\\/wp-content\\\/uploads\\\/2020\\\/09\\\/sicurezza-alfasigma.jpg\",\"datePublished\":\"2020-05-28T10:54:29+00:00\",\"dateModified\":\"2020-09-13T15:14:37+00:00\",\"author\":{\"@id\":\"https:\\\/\\\/ch.alfasigma.com\\\/it\\\/#\\\/schema\\\/person\\\/dab59571a7eb5cc12ec8e669859cb501\"},\"description\":\"Il Ceo spiega come Alfasigma si \u00e8 impegnata per riprendere l'attivit\u00e0 d'impresa nella Fase 2 dell'emergenza coronavirus.\",\"breadcrumb\":{\"@id\":\"https:\\\/\\\/ch.alfasigma.com\\\/it\\\/corporate\\\/colli-con-restart-sicurezza-per-persone-e-asset-aziendali\\\/#breadcrumb\"},\"inLanguage\":\"it-CH\",\"potentialAction\":[{\"@type\":\"ReadAction\",\"target\":[\"https:\\\/\\\/ch.alfasigma.com\\\/it\\\/corporate\\\/colli-con-restart-sicurezza-per-persone-e-asset-aziendali\\\/\"]}]},{\"@type\":\"ImageObject\",\"inLanguage\":\"it-CH\",\"@id\":\"https:\\\/\\\/ch.alfasigma.com\\\/it\\\/corporate\\\/colli-con-restart-sicurezza-per-persone-e-asset-aziendali\\\/#primaryimage\",\"url\":\"https:\\\/\\\/ch.alfasigma.com\\\/wp-content\\\/uploads\\\/2020\\\/09\\\/sicurezza-alfasigma.jpg\",\"contentUrl\":\"https:\\\/\\\/ch.alfasigma.com\\\/wp-content\\\/uploads\\\/2020\\\/09\\\/sicurezza-alfasigma.jpg\",\"width\":1300,\"height\":867},{\"@type\":\"BreadcrumbList\",\"@id\":\"https:\\\/\\\/ch.alfasigma.com\\\/it\\\/corporate\\\/colli-con-restart-sicurezza-per-persone-e-asset-aziendali\\\/#breadcrumb\",\"itemListElement\":[{\"@type\":\"ListItem\",\"position\":1,\"name\":\"Home\",\"item\":\"https:\\\/\\\/ch.alfasigma.com\\\/it\\\/\"},{\"@type\":\"ListItem\",\"position\":2,\"name\":\"Corporate\",\"item\":\"https:\\\/\\\/ch.alfasigma.com\\\/it\\\/category\\\/corporate\\\/\"},{\"@type\":\"ListItem\",\"position\":3,\"name\":\"Colli: \\\"Con #Restart sicurezza per persone e asset aziendali\\\"\"}]},{\"@type\":\"WebSite\",\"@id\":\"https:\\\/\\\/ch.alfasigma.com\\\/it\\\/#website\",\"url\":\"https:\\\/\\\/ch.alfasigma.com\\\/it\\\/\",\"name\":\"Alfasigma Schweiz\",\"description\":\"Pharmaceuticals with passion\",\"potentialAction\":[{\"@type\":\"SearchAction\",\"target\":{\"@type\":\"EntryPoint\",\"urlTemplate\":\"https:\\\/\\\/ch.alfasigma.com\\\/it\\\/?s={search_term_string}\"},\"query-input\":{\"@type\":\"PropertyValueSpecification\",\"valueRequired\":true,\"valueName\":\"search_term_string\"}}],\"inLanguage\":\"it-CH\"},{\"@type\":\"Person\",\"@id\":\"https:\\\/\\\/ch.alfasigma.com\\\/it\\\/#\\\/schema\\\/person\\\/dab59571a7eb5cc12ec8e669859cb501\",\"name\":\"admin\",\"image\":{\"@type\":\"ImageObject\",\"inLanguage\":\"it-CH\",\"@id\":\"https:\\\/\\\/secure.gravatar.com\\\/avatar\\\/7817b40f26c657b3f15735ec620650b17cd2667952455eee32a7ef66c39fd0d0?s=96&d=mm&r=g\",\"url\":\"https:\\\/\\\/secure.gravatar.com\\\/avatar\\\/7817b40f26c657b3f15735ec620650b17cd2667952455eee32a7ef66c39fd0d0?s=96&d=mm&r=g\",\"contentUrl\":\"https:\\\/\\\/secure.gravatar.com\\\/avatar\\\/7817b40f26c657b3f15735ec620650b17cd2667952455eee32a7ef66c39fd0d0?s=96&d=mm&r=g\",\"caption\":\"admin\"}}]}<\/script>\n<!-- \/ Yoast SEO plugin. -->","yoast_head_json":{"title":"Alfasigma Schweiz - Colli: \"Con #Restart sicurezza per persone e asset aziendali\"","description":"Il Ceo spiega come Alfasigma si \u00e8 impegnata per riprendere l'attivit\u00e0 d'impresa nella Fase 2 dell'emergenza coronavirus.","robots":{"index,follow":"index,follow"},"canonical":"https:\/\/ch.alfasigma.com\/it\/corporate\/colli-con-restart-sicurezza-per-persone-e-asset-aziendali\/","og_locale":"it_IT","og_type":"article","og_title":"Alfasigma Schweiz - Colli: \"Con #Restart sicurezza per persone e asset aziendali\"","og_description":"Il Ceo spiega come Alfasigma si \u00e8 impegnata per riprendere l'attivit\u00e0 d'impresa nella Fase 2 dell'emergenza coronavirus.","og_url":"https:\/\/ch.alfasigma.com\/it\/corporate\/colli-con-restart-sicurezza-per-persone-e-asset-aziendali\/","og_site_name":"Alfasigma Schweiz","article_published_time":"2020-05-28T10:54:29+00:00","article_modified_time":"2020-09-13T15:14:37+00:00","og_image":[{"width":1300,"height":867,"url":"https:\/\/ch.alfasigma.com\/wp-content\/uploads\/2020\/09\/sicurezza-alfasigma.jpg","type":"image\/jpeg"}],"author":"admin","twitter_card":"summary_large_image","twitter_misc":{"Written by":"admin","Est. reading time":"1 minute"},"schema":{"@context":"https:\/\/schema.org","@graph":[{"@type":"Article","@id":"https:\/\/ch.alfasigma.com\/it\/corporate\/colli-con-restart-sicurezza-per-persone-e-asset-aziendali\/#article","isPartOf":{"@id":"https:\/\/ch.alfasigma.com\/it\/corporate\/colli-con-restart-sicurezza-per-persone-e-asset-aziendali\/"},"author":{"name":"admin","@id":"https:\/\/ch.alfasigma.com\/it\/#\/schema\/person\/dab59571a7eb5cc12ec8e669859cb501"},"headline":"Colli: \"Con #Restart sicurezza per persone e asset aziendali\"","datePublished":"2020-05-28T10:54:29+00:00","dateModified":"2020-09-13T15:14:37+00:00","mainEntityOfPage":{"@id":"https:\/\/ch.alfasigma.com\/it\/corporate\/colli-con-restart-sicurezza-per-persone-e-asset-aziendali\/"},"wordCount":257,"image":{"@id":"https:\/\/ch.alfasigma.com\/it\/corporate\/colli-con-restart-sicurezza-per-persone-e-asset-aziendali\/#primaryimage"},"thumbnailUrl":"https:\/\/ch.alfasigma.com\/wp-content\/uploads\/2020\/09\/sicurezza-alfasigma.jpg","articleSection":["Corporate"],"inLanguage":"it-CH"},{"@type":"WebPage","@id":"https:\/\/ch.alfasigma.com\/it\/corporate\/colli-con-restart-sicurezza-per-persone-e-asset-aziendali\/","url":"https:\/\/ch.alfasigma.com\/it\/corporate\/colli-con-restart-sicurezza-per-persone-e-asset-aziendali\/","name":"Alfasigma Schweiz - Colli: \"Con #Restart sicurezza per persone e asset aziendali\"","isPartOf":{"@id":"https:\/\/ch.alfasigma.com\/it\/#website"},"primaryImageOfPage":{"@id":"https:\/\/ch.alfasigma.com\/it\/corporate\/colli-con-restart-sicurezza-per-persone-e-asset-aziendali\/#primaryimage"},"image":{"@id":"https:\/\/ch.alfasigma.com\/it\/corporate\/colli-con-restart-sicurezza-per-persone-e-asset-aziendali\/#primaryimage"},"thumbnailUrl":"https:\/\/ch.alfasigma.com\/wp-content\/uploads\/2020\/09\/sicurezza-alfasigma.jpg","datePublished":"2020-05-28T10:54:29+00:00","dateModified":"2020-09-13T15:14:37+00:00","author":{"@id":"https:\/\/ch.alfasigma.com\/it\/#\/schema\/person\/dab59571a7eb5cc12ec8e669859cb501"},"description":"Il Ceo spiega come Alfasigma si \u00e8 impegnata per riprendere l'attivit\u00e0 d'impresa nella Fase 2 dell'emergenza coronavirus.","breadcrumb":{"@id":"https:\/\/ch.alfasigma.com\/it\/corporate\/colli-con-restart-sicurezza-per-persone-e-asset-aziendali\/#breadcrumb"},"inLanguage":"it-CH","potentialAction":[{"@type":"ReadAction","target":["https:\/\/ch.alfasigma.com\/it\/corporate\/colli-con-restart-sicurezza-per-persone-e-asset-aziendali\/"]}]},{"@type":"ImageObject","inLanguage":"it-CH","@id":"https:\/\/ch.alfasigma.com\/it\/corporate\/colli-con-restart-sicurezza-per-persone-e-asset-aziendali\/#primaryimage","url":"https:\/\/ch.alfasigma.com\/wp-content\/uploads\/2020\/09\/sicurezza-alfasigma.jpg","contentUrl":"https:\/\/ch.alfasigma.com\/wp-content\/uploads\/2020\/09\/sicurezza-alfasigma.jpg","width":1300,"height":867},{"@type":"BreadcrumbList","@id":"https:\/\/ch.alfasigma.com\/it\/corporate\/colli-con-restart-sicurezza-per-persone-e-asset-aziendali\/#breadcrumb","itemListElement":[{"@type":"ListItem","position":1,"name":"Home","item":"https:\/\/ch.alfasigma.com\/it\/"},{"@type":"ListItem","position":2,"name":"Corporate","item":"https:\/\/ch.alfasigma.com\/it\/category\/corporate\/"},{"@type":"ListItem","position":3,"name":"Colli: \"Con #Restart sicurezza per persone e asset aziendali\""}]},{"@type":"WebSite","@id":"https:\/\/ch.alfasigma.com\/it\/#website","url":"https:\/\/ch.alfasigma.com\/it\/","name":"Alfasigma Schweiz","description":"Pharmaceuticals with passion","potentialAction":[{"@type":"SearchAction","target":{"@type":"EntryPoint","urlTemplate":"https:\/\/ch.alfasigma.com\/it\/?s={search_term_string}"},"query-input":{"@type":"PropertyValueSpecification","valueRequired":true,"valueName":"search_term_string"}}],"inLanguage":"it-CH"},{"@type":"Person","@id":"https:\/\/ch.alfasigma.com\/it\/#\/schema\/person\/dab59571a7eb5cc12ec8e669859cb501","name":"admin","image":{"@type":"ImageObject","inLanguage":"it-CH","@id":"https:\/\/secure.gravatar.com\/avatar\/7817b40f26c657b3f15735ec620650b17cd2667952455eee32a7ef66c39fd0d0?s=96&d=mm&r=g","url":"https:\/\/secure.gravatar.com\/avatar\/7817b40f26c657b3f15735ec620650b17cd2667952455eee32a7ef66c39fd0d0?s=96&d=mm&r=g","contentUrl":"https:\/\/secure.gravatar.com\/avatar\/7817b40f26c657b3f15735ec620650b17cd2667952455eee32a7ef66c39fd0d0?s=96&d=mm&r=g","caption":"admin"}}]}},"_links":{"self":[{"href":"https:\/\/ch.alfasigma.com\/it\/wp-json\/wp\/v2\/posts\/2310","targetHints":{"allow":["GET"]}}],"collection":[{"href":"https:\/\/ch.alfasigma.com\/it\/wp-json\/wp\/v2\/posts"}],"about":[{"href":"https:\/\/ch.alfasigma.com\/it\/wp-json\/wp\/v2\/types\/post"}],"author":[{"embeddable":true,"href":"https:\/\/ch.alfasigma.com\/it\/wp-json\/wp\/v2\/users\/1"}],"replies":[{"embeddable":true,"href":"https:\/\/ch.alfasigma.com\/it\/wp-json\/wp\/v2\/comments?post=2310"}],"version-history":[{"count":0,"href":"https:\/\/ch.alfasigma.com\/it\/wp-json\/wp\/v2\/posts\/2310\/revisions"}],"wp:featuredmedia":[{"embeddable":true,"href":"https:\/\/ch.alfasigma.com\/it\/wp-json\/wp\/v2\/media\/2311"}],"wp:attachment":[{"href":"https:\/\/ch.alfasigma.com\/it\/wp-json\/wp\/v2\/media?parent=2310"}],"wp:term":[{"taxonomy":"category","embeddable":true,"href":"https:\/\/ch.alfasigma.com\/it\/wp-json\/wp\/v2\/categories?post=2310"},{"taxonomy":"post_tag","embeddable":true,"href":"https:\/\/ch.alfasigma.com\/it\/wp-json\/wp\/v2\/tags?post=2310"}],"curies":[{"name":"wp","href":"https:\/\/api.w.org\/{rel}","templated":true}]}}