{"id":2313,"date":"2020-06-09T10:58:31","date_gmt":"2020-06-09T10:58:31","guid":{"rendered":"https:\/\/ch.alfasigma.com\/?p=2313"},"modified":"2020-09-13T15:13:11","modified_gmt":"2020-09-13T15:13:11","slug":"pazienti-cronici-fragili-dopo-covid-19","status":"publish","type":"post","link":"https:\/\/ch.alfasigma.com\/it\/responsabilita\/pazienti-cronici-fragili-dopo-covid-19\/","title":{"rendered":"Pazienti cronici fragili dopo Covid-19"},"content":{"rendered":"<p>Al via la prima edizione della Health Serie di Quotidiano Sanit\u00e0, <em>Pazienti cronici fragili dopo Covid-19<\/em>; si tratta di un nuovo Format di trasmissione in diretta online dedicato ad argomenti specifici di carattere sanitario, nato grazie alla partnership del Market Access di Pharma Italia e Corporate Communication Alfasigma.<\/p>\n<p>Questa prima edizione, divisa in tre puntate e dedicata ai pazienti cronici fragili dopo Covid-19, inizier\u00e0 venerd\u00ec 12 giugno 2020 alle 14.00 in diretta sui siti di Quotidiano Sanit\u00e0, Popular Science e tutti i canali social ad essi collegati di Facebook, Youtube e Twitter 5.<\/p>\n<p>In ciascuna puntata sar\u00e0 approfondita, con gli ospiti collegati, una delle tre grandi sfide che attendono la sanit\u00e0 e la medicina del territorio per i pazienti cronici nel post-COVID: governance, presa in carico e cure.<\/p>\n<p>Al centro della prima puntata il tema del Chronic Care Model e dei nuovi equilibri ospedale-territorio che verr\u00e0 sviluppato con gli interventi di numerosi ospiti tra cui il Viceministro della Salute Sileri, l\u2019Assessore alla Sanit\u00e0 della Regione Sicilia Ruggero Razza; i presidenti di CARD (Confederazione Associazioni Regionali di Distretto) e FIASO (Federazione Italiana Aziende Sanitarie e Ospedaliere), il farmaco-economista Mennini di Tor Vergata e l\u2019Amministratore Delegato di Alfasigma.&gt;<\/p>\n<p>&nbsp;<\/p>\n<p><b><\/b><b>Il programma<br \/>\n<\/b>Interverranno durante la trasmissione:<\/p>\n<ul>\n<li style=\"font-weight: 400;\">il Viceministro della Salute Pierpaolo Sileri;<\/li>\n<li style=\"font-weight: 400;\">l\u2019Assessore alla Sanit\u00e0 della Regione Sicilia Ruggero Razza;<\/li>\n<li style=\"font-weight: 400;\">il Presidente della FIASO Francesco Ripa Di Meana;<\/li>\n<li style=\"font-weight: 400;\">il Presidente della CARD Gennaro Volpe;<\/li>\n<li style=\"font-weight: 400;\">il prof. Francesco Saverio Mennini Ordinario di Economia Sanitaria a Tor Vergata;<\/li>\n<li style=\"font-weight: 400;\">il CEO di Alfasigma Pier Vincenzo Colli.<\/li>\n<\/ul>\n<p>Per partecipare \u00e8 possibile collegarsi ai siti di <a href=\"https:\/\/www.faromed.it\/extlink.php?url=s_W_iGKuKPNQMekY7jH3-ymGZ3qkNK7S9e_UbvlQQZlN6EHfp-wSXDVyZKlYE6LBDe2CrDVsnqJjjwvXMVs0rJZfx1efuqCe1xItzIeiXw=\">Quotidiano Sanit\u00e0<\/a> o <a href=\"https:\/\/www.faromed.it\/extlink.php?url=s_pDYoy1E-Pe6gem9hn_8gm5ryiiaskS8H_nNoBy0eX4P1JV8Agvsg3qzPGMHzJf8b-BQfZ6yCHg70pNiwX3-kgerT_\">Popular Science <\/a>alle 14.00 di <strong>venerd\u00ec 12 giugno<\/strong>.<\/p>\n","protected":false},"excerpt":{"rendered":"<p>Al via la prima edizione della Health Serie di Quotidiano Sanit\u00e0: un nuovo format di trasmissione in diretta online dedicato ad argomenti specifici di carattere sanitario, nato grazie alla partnership del Market Access di Pharma Italia e Corporate Communication Alfasigma.<\/p>\n","protected":false},"author":1,"featured_media":2314,"comment_status":"closed","ping_status":"closed","sticky":false,"template":"","format":"standard","meta":{"_acf_changed":false,"footnotes":""},"categories":[4],"tags":[],"class_list":["post-2313","post","type-post","status-publish","format-standard","has-post-thumbnail","hentry","category-responsabilita"],"acf":[],"yoast_head":"<!-- This site is optimized with the Yoast SEO plugin v27.3 - https:\/\/yoast.com\/product\/yoast-seo-wordpress\/ -->\n<title>Alfasigma Schweiz - Pazienti cronici fragili dopo Covid-19<\/title>\n<meta name=\"description\" content=\"Al via la 1* edizione della Health Serie di Quotidiano Sanit\u00e0, un nuovo format nato dalla partnership di Pharma Italia e Alfasigma.\" \/>\n<meta name=\"robots\" content=\"index,follow\" \/>\n<link rel=\"canonical\" href=\"https:\/\/ch.alfasigma.com\/it\/responsabilita\/pazienti-cronici-fragili-dopo-covid-19\/\" \/>\n<meta property=\"og:locale\" content=\"it_IT\" \/>\n<meta property=\"og:type\" content=\"article\" \/>\n<meta property=\"og:title\" content=\"Alfasigma Schweiz - Pazienti cronici fragili dopo Covid-19\" \/>\n<meta property=\"og:description\" content=\"Al via la 1* edizione della Health Serie di Quotidiano Sanit\u00e0, un nuovo format nato dalla partnership di Pharma Italia e Alfasigma.\" \/>\n<meta property=\"og:url\" content=\"https:\/\/ch.alfasigma.com\/it\/responsabilita\/pazienti-cronici-fragili-dopo-covid-19\/\" \/>\n<meta property=\"og:site_name\" content=\"Alfasigma Schweiz\" \/>\n<meta property=\"article:published_time\" content=\"2020-06-09T10:58:31+00:00\" \/>\n<meta property=\"article:modified_time\" content=\"2020-09-13T15:13:11+00:00\" \/>\n<meta property=\"og:image\" content=\"https:\/\/ch.alfasigma.com\/wp-content\/uploads\/2020\/09\/health-serie.jpg\" \/>\n\t<meta property=\"og:image:width\" content=\"1152\" \/>\n\t<meta property=\"og:image:height\" content=\"830\" \/>\n\t<meta property=\"og:image:type\" content=\"image\/jpeg\" \/>\n<meta name=\"author\" content=\"admin\" \/>\n<meta name=\"twitter:card\" content=\"summary_large_image\" \/>\n<meta name=\"twitter:label1\" content=\"Written by\" \/>\n\t<meta name=\"twitter:data1\" content=\"admin\" \/>\n\t<meta name=\"twitter:label2\" content=\"Est. reading time\" \/>\n\t<meta name=\"twitter:data2\" content=\"1 minute\" \/>\n<script type=\"application\/ld+json\" class=\"yoast-schema-graph\">{\"@context\":\"https:\\\/\\\/schema.org\",\"@graph\":[{\"@type\":\"Article\",\"@id\":\"https:\\\/\\\/ch.alfasigma.com\\\/it\\\/responsabilita\\\/pazienti-cronici-fragili-dopo-covid-19\\\/#article\",\"isPartOf\":{\"@id\":\"https:\\\/\\\/ch.alfasigma.com\\\/it\\\/responsabilita\\\/pazienti-cronici-fragili-dopo-covid-19\\\/\"},\"author\":{\"name\":\"admin\",\"@id\":\"https:\\\/\\\/ch.alfasigma.com\\\/it\\\/#\\\/schema\\\/person\\\/dab59571a7eb5cc12ec8e669859cb501\"},\"headline\":\"Pazienti cronici fragili dopo Covid-19\",\"datePublished\":\"2020-06-09T10:58:31+00:00\",\"dateModified\":\"2020-09-13T15:13:11+00:00\",\"mainEntityOfPage\":{\"@id\":\"https:\\\/\\\/ch.alfasigma.com\\\/it\\\/responsabilita\\\/pazienti-cronici-fragili-dopo-covid-19\\\/\"},\"wordCount\":271,\"image\":{\"@id\":\"https:\\\/\\\/ch.alfasigma.com\\\/it\\\/responsabilita\\\/pazienti-cronici-fragili-dopo-covid-19\\\/#primaryimage\"},\"thumbnailUrl\":\"https:\\\/\\\/ch.alfasigma.com\\\/wp-content\\\/uploads\\\/2020\\\/09\\\/health-serie.jpg\",\"articleSection\":[\"Responsabilit\u00e0\"],\"inLanguage\":\"it-CH\"},{\"@type\":\"WebPage\",\"@id\":\"https:\\\/\\\/ch.alfasigma.com\\\/it\\\/responsabilita\\\/pazienti-cronici-fragili-dopo-covid-19\\\/\",\"url\":\"https:\\\/\\\/ch.alfasigma.com\\\/it\\\/responsabilita\\\/pazienti-cronici-fragili-dopo-covid-19\\\/\",\"name\":\"Alfasigma Schweiz - Pazienti cronici fragili dopo Covid-19\",\"isPartOf\":{\"@id\":\"https:\\\/\\\/ch.alfasigma.com\\\/it\\\/#website\"},\"primaryImageOfPage\":{\"@id\":\"https:\\\/\\\/ch.alfasigma.com\\\/it\\\/responsabilita\\\/pazienti-cronici-fragili-dopo-covid-19\\\/#primaryimage\"},\"image\":{\"@id\":\"https:\\\/\\\/ch.alfasigma.com\\\/it\\\/responsabilita\\\/pazienti-cronici-fragili-dopo-covid-19\\\/#primaryimage\"},\"thumbnailUrl\":\"https:\\\/\\\/ch.alfasigma.com\\\/wp-content\\\/uploads\\\/2020\\\/09\\\/health-serie.jpg\",\"datePublished\":\"2020-06-09T10:58:31+00:00\",\"dateModified\":\"2020-09-13T15:13:11+00:00\",\"author\":{\"@id\":\"https:\\\/\\\/ch.alfasigma.com\\\/it\\\/#\\\/schema\\\/person\\\/dab59571a7eb5cc12ec8e669859cb501\"},\"description\":\"Al via la 1* edizione della Health Serie di Quotidiano Sanit\u00e0, un nuovo format nato dalla partnership di Pharma Italia e Alfasigma.\",\"breadcrumb\":{\"@id\":\"https:\\\/\\\/ch.alfasigma.com\\\/it\\\/responsabilita\\\/pazienti-cronici-fragili-dopo-covid-19\\\/#breadcrumb\"},\"inLanguage\":\"it-CH\",\"potentialAction\":[{\"@type\":\"ReadAction\",\"target\":[\"https:\\\/\\\/ch.alfasigma.com\\\/it\\\/responsabilita\\\/pazienti-cronici-fragili-dopo-covid-19\\\/\"]}]},{\"@type\":\"ImageObject\",\"inLanguage\":\"it-CH\",\"@id\":\"https:\\\/\\\/ch.alfasigma.com\\\/it\\\/responsabilita\\\/pazienti-cronici-fragili-dopo-covid-19\\\/#primaryimage\",\"url\":\"https:\\\/\\\/ch.alfasigma.com\\\/wp-content\\\/uploads\\\/2020\\\/09\\\/health-serie.jpg\",\"contentUrl\":\"https:\\\/\\\/ch.alfasigma.com\\\/wp-content\\\/uploads\\\/2020\\\/09\\\/health-serie.jpg\",\"width\":1152,\"height\":830},{\"@type\":\"BreadcrumbList\",\"@id\":\"https:\\\/\\\/ch.alfasigma.com\\\/it\\\/responsabilita\\\/pazienti-cronici-fragili-dopo-covid-19\\\/#breadcrumb\",\"itemListElement\":[{\"@type\":\"ListItem\",\"position\":1,\"name\":\"Home\",\"item\":\"https:\\\/\\\/ch.alfasigma.com\\\/it\\\/\"},{\"@type\":\"ListItem\",\"position\":2,\"name\":\"Corporate\",\"item\":\"https:\\\/\\\/ch.alfasigma.com\\\/it\\\/category\\\/corporate\\\/\"},{\"@type\":\"ListItem\",\"position\":3,\"name\":\"Pazienti cronici fragili dopo Covid-19\"}]},{\"@type\":\"WebSite\",\"@id\":\"https:\\\/\\\/ch.alfasigma.com\\\/it\\\/#website\",\"url\":\"https:\\\/\\\/ch.alfasigma.com\\\/it\\\/\",\"name\":\"Alfasigma Schweiz\",\"description\":\"Pharmaceuticals with passion\",\"potentialAction\":[{\"@type\":\"SearchAction\",\"target\":{\"@type\":\"EntryPoint\",\"urlTemplate\":\"https:\\\/\\\/ch.alfasigma.com\\\/it\\\/?s={search_term_string}\"},\"query-input\":{\"@type\":\"PropertyValueSpecification\",\"valueRequired\":true,\"valueName\":\"search_term_string\"}}],\"inLanguage\":\"it-CH\"},{\"@type\":\"Person\",\"@id\":\"https:\\\/\\\/ch.alfasigma.com\\\/it\\\/#\\\/schema\\\/person\\\/dab59571a7eb5cc12ec8e669859cb501\",\"name\":\"admin\",\"image\":{\"@type\":\"ImageObject\",\"inLanguage\":\"it-CH\",\"@id\":\"https:\\\/\\\/secure.gravatar.com\\\/avatar\\\/7817b40f26c657b3f15735ec620650b17cd2667952455eee32a7ef66c39fd0d0?s=96&d=mm&r=g\",\"url\":\"https:\\\/\\\/secure.gravatar.com\\\/avatar\\\/7817b40f26c657b3f15735ec620650b17cd2667952455eee32a7ef66c39fd0d0?s=96&d=mm&r=g\",\"contentUrl\":\"https:\\\/\\\/secure.gravatar.com\\\/avatar\\\/7817b40f26c657b3f15735ec620650b17cd2667952455eee32a7ef66c39fd0d0?s=96&d=mm&r=g\",\"caption\":\"admin\"}}]}<\/script>\n<!-- \/ Yoast SEO plugin. -->","yoast_head_json":{"title":"Alfasigma Schweiz - Pazienti cronici fragili dopo Covid-19","description":"Al via la 1* edizione della Health Serie di Quotidiano Sanit\u00e0, un nuovo format nato dalla partnership di Pharma Italia e Alfasigma.","robots":{"index,follow":"index,follow"},"canonical":"https:\/\/ch.alfasigma.com\/it\/responsabilita\/pazienti-cronici-fragili-dopo-covid-19\/","og_locale":"it_IT","og_type":"article","og_title":"Alfasigma Schweiz - Pazienti cronici fragili dopo Covid-19","og_description":"Al via la 1* edizione della Health Serie di Quotidiano Sanit\u00e0, un nuovo format nato dalla partnership di Pharma Italia e Alfasigma.","og_url":"https:\/\/ch.alfasigma.com\/it\/responsabilita\/pazienti-cronici-fragili-dopo-covid-19\/","og_site_name":"Alfasigma Schweiz","article_published_time":"2020-06-09T10:58:31+00:00","article_modified_time":"2020-09-13T15:13:11+00:00","og_image":[{"width":1152,"height":830,"url":"https:\/\/ch.alfasigma.com\/wp-content\/uploads\/2020\/09\/health-serie.jpg","type":"image\/jpeg"}],"author":"admin","twitter_card":"summary_large_image","twitter_misc":{"Written by":"admin","Est. reading time":"1 minute"},"schema":{"@context":"https:\/\/schema.org","@graph":[{"@type":"Article","@id":"https:\/\/ch.alfasigma.com\/it\/responsabilita\/pazienti-cronici-fragili-dopo-covid-19\/#article","isPartOf":{"@id":"https:\/\/ch.alfasigma.com\/it\/responsabilita\/pazienti-cronici-fragili-dopo-covid-19\/"},"author":{"name":"admin","@id":"https:\/\/ch.alfasigma.com\/it\/#\/schema\/person\/dab59571a7eb5cc12ec8e669859cb501"},"headline":"Pazienti cronici fragili dopo Covid-19","datePublished":"2020-06-09T10:58:31+00:00","dateModified":"2020-09-13T15:13:11+00:00","mainEntityOfPage":{"@id":"https:\/\/ch.alfasigma.com\/it\/responsabilita\/pazienti-cronici-fragili-dopo-covid-19\/"},"wordCount":271,"image":{"@id":"https:\/\/ch.alfasigma.com\/it\/responsabilita\/pazienti-cronici-fragili-dopo-covid-19\/#primaryimage"},"thumbnailUrl":"https:\/\/ch.alfasigma.com\/wp-content\/uploads\/2020\/09\/health-serie.jpg","articleSection":["Responsabilit\u00e0"],"inLanguage":"it-CH"},{"@type":"WebPage","@id":"https:\/\/ch.alfasigma.com\/it\/responsabilita\/pazienti-cronici-fragili-dopo-covid-19\/","url":"https:\/\/ch.alfasigma.com\/it\/responsabilita\/pazienti-cronici-fragili-dopo-covid-19\/","name":"Alfasigma Schweiz - Pazienti cronici fragili dopo Covid-19","isPartOf":{"@id":"https:\/\/ch.alfasigma.com\/it\/#website"},"primaryImageOfPage":{"@id":"https:\/\/ch.alfasigma.com\/it\/responsabilita\/pazienti-cronici-fragili-dopo-covid-19\/#primaryimage"},"image":{"@id":"https:\/\/ch.alfasigma.com\/it\/responsabilita\/pazienti-cronici-fragili-dopo-covid-19\/#primaryimage"},"thumbnailUrl":"https:\/\/ch.alfasigma.com\/wp-content\/uploads\/2020\/09\/health-serie.jpg","datePublished":"2020-06-09T10:58:31+00:00","dateModified":"2020-09-13T15:13:11+00:00","author":{"@id":"https:\/\/ch.alfasigma.com\/it\/#\/schema\/person\/dab59571a7eb5cc12ec8e669859cb501"},"description":"Al via la 1* edizione della Health Serie di Quotidiano Sanit\u00e0, un nuovo format nato dalla partnership di Pharma Italia e Alfasigma.","breadcrumb":{"@id":"https:\/\/ch.alfasigma.com\/it\/responsabilita\/pazienti-cronici-fragili-dopo-covid-19\/#breadcrumb"},"inLanguage":"it-CH","potentialAction":[{"@type":"ReadAction","target":["https:\/\/ch.alfasigma.com\/it\/responsabilita\/pazienti-cronici-fragili-dopo-covid-19\/"]}]},{"@type":"ImageObject","inLanguage":"it-CH","@id":"https:\/\/ch.alfasigma.com\/it\/responsabilita\/pazienti-cronici-fragili-dopo-covid-19\/#primaryimage","url":"https:\/\/ch.alfasigma.com\/wp-content\/uploads\/2020\/09\/health-serie.jpg","contentUrl":"https:\/\/ch.alfasigma.com\/wp-content\/uploads\/2020\/09\/health-serie.jpg","width":1152,"height":830},{"@type":"BreadcrumbList","@id":"https:\/\/ch.alfasigma.com\/it\/responsabilita\/pazienti-cronici-fragili-dopo-covid-19\/#breadcrumb","itemListElement":[{"@type":"ListItem","position":1,"name":"Home","item":"https:\/\/ch.alfasigma.com\/it\/"},{"@type":"ListItem","position":2,"name":"Corporate","item":"https:\/\/ch.alfasigma.com\/it\/category\/corporate\/"},{"@type":"ListItem","position":3,"name":"Pazienti cronici fragili dopo Covid-19"}]},{"@type":"WebSite","@id":"https:\/\/ch.alfasigma.com\/it\/#website","url":"https:\/\/ch.alfasigma.com\/it\/","name":"Alfasigma Schweiz","description":"Pharmaceuticals with passion","potentialAction":[{"@type":"SearchAction","target":{"@type":"EntryPoint","urlTemplate":"https:\/\/ch.alfasigma.com\/it\/?s={search_term_string}"},"query-input":{"@type":"PropertyValueSpecification","valueRequired":true,"valueName":"search_term_string"}}],"inLanguage":"it-CH"},{"@type":"Person","@id":"https:\/\/ch.alfasigma.com\/it\/#\/schema\/person\/dab59571a7eb5cc12ec8e669859cb501","name":"admin","image":{"@type":"ImageObject","inLanguage":"it-CH","@id":"https:\/\/secure.gravatar.com\/avatar\/7817b40f26c657b3f15735ec620650b17cd2667952455eee32a7ef66c39fd0d0?s=96&d=mm&r=g","url":"https:\/\/secure.gravatar.com\/avatar\/7817b40f26c657b3f15735ec620650b17cd2667952455eee32a7ef66c39fd0d0?s=96&d=mm&r=g","contentUrl":"https:\/\/secure.gravatar.com\/avatar\/7817b40f26c657b3f15735ec620650b17cd2667952455eee32a7ef66c39fd0d0?s=96&d=mm&r=g","caption":"admin"}}]}},"_links":{"self":[{"href":"https:\/\/ch.alfasigma.com\/it\/wp-json\/wp\/v2\/posts\/2313","targetHints":{"allow":["GET"]}}],"collection":[{"href":"https:\/\/ch.alfasigma.com\/it\/wp-json\/wp\/v2\/posts"}],"about":[{"href":"https:\/\/ch.alfasigma.com\/it\/wp-json\/wp\/v2\/types\/post"}],"author":[{"embeddable":true,"href":"https:\/\/ch.alfasigma.com\/it\/wp-json\/wp\/v2\/users\/1"}],"replies":[{"embeddable":true,"href":"https:\/\/ch.alfasigma.com\/it\/wp-json\/wp\/v2\/comments?post=2313"}],"version-history":[{"count":0,"href":"https:\/\/ch.alfasigma.com\/it\/wp-json\/wp\/v2\/posts\/2313\/revisions"}],"wp:featuredmedia":[{"embeddable":true,"href":"https:\/\/ch.alfasigma.com\/it\/wp-json\/wp\/v2\/media\/2314"}],"wp:attachment":[{"href":"https:\/\/ch.alfasigma.com\/it\/wp-json\/wp\/v2\/media?parent=2313"}],"wp:term":[{"taxonomy":"category","embeddable":true,"href":"https:\/\/ch.alfasigma.com\/it\/wp-json\/wp\/v2\/categories?post=2313"},{"taxonomy":"post_tag","embeddable":true,"href":"https:\/\/ch.alfasigma.com\/it\/wp-json\/wp\/v2\/tags?post=2313"}],"curies":[{"name":"wp","href":"https:\/\/api.w.org\/{rel}","templated":true}]}}