{"id":2520,"date":"2020-04-28T08:25:35","date_gmt":"2020-04-28T08:25:35","guid":{"rendered":"https:\/\/ch.alfasigma.com\/?p=2520"},"modified":"2020-09-14T08:48:17","modified_gmt":"2020-09-14T08:48:17","slug":"alfasigma-con-caritas-italiana-per-un-aiuto-concreto","status":"publish","type":"post","link":"https:\/\/ch.alfasigma.com\/it\/responsabilita\/alfasigma-con-caritas-italiana-per-un-aiuto-concreto\/","title":{"rendered":"Alfasigma con Caritas Italiana per un aiuto concreto"},"content":{"rendered":"<p><span style=\"font-weight: 400;\">Un aumento in media di oltre il 100% nel numero di persone che per la prima volta si rivolgono ai Centri di ascolto e ai servizi delle Caritas diocesane rispetto al periodo di pre-emergenza coronavirus. \u00c8 il dato allarmante che risulta da una prima rilevazione che vede anche crescere notevolmente le richieste specifiche di aiuti alimentari, a seconda delle zone, dal +20% al +50%, nelle varie forme in cui sono stati rimodulati i servizi: pasti da asporto, pacchi a domicilio, empori, buoni spesa.\u00a0<\/span><\/p>\n<p><span style=\"font-weight: 400;\">Come ha di recente ribadito Papa Francesco questa \u00e8 purtroppo \u201cuna pandemia sociale\u201d che ha tra gli effetti \u201ctante famiglie che hanno bisogno, fanno la fame\u201d.\u00a0<\/span><span style=\"font-weight: 400;\">Fondamentale \u00e8 dunque il sostegno di tutti per reperire beni di prima necessit\u00e0 in questo momento difficile in cui si \u00e8 costretti a riorganizzare le modalit\u00e0 di erogazione di tanti servizi e di attuazione delle molteplici attivit\u00e0, con l\u2019attenzione a non far mancare alle comunit\u00e0 locali il sostegno, l\u2019ascolto, l\u2019accompagnamento.\u00a0<\/span><span style=\"font-weight: 400;\">Nel contempo \u00e8 confortante il fiorire di iniziative di solidariet\u00e0, che alimentano quella \u201cconcretezza della carit\u00e0\u201d auspicata dalla campagna lanciata dalla Caritas.\u00a0<\/span><\/p>\n<p>\"<em>Nello specifico<\/em><span style=\"font-weight: 400;\"> \u2013 sottolinea <\/span><b>don Francesco Soddu, direttore di Caritas Italiana<\/b><span style=\"font-weight: 400;\"> \u2013\u00a0<\/span><span style=\"font-weight: 400;\"><em>la donazione di Alfasigma acquista un valore particolare perch\u00e9 frutto di una piena comunione di intenti: da un lato i tanti dipendenti che hanno rinunciato al compenso di ore di lavoro per consentire la distribuzione di pacchi alimentari a chi \u00e8 pi\u00f9 in difficolt\u00e0, dall\u2019altro la decisione dei vertici dell\u2019azienda di raddoppiare la somma messa dai lavoratori<\/em>\u201d<\/span><i><span style=\"font-weight: 400;\">.<\/span><\/i><\/p>\n<p><span style=\"font-weight: 400;\">\"<em>Siamo orgogliosi di poter contribuire al lavoro fondamentale di Caritas Italiana con questa contribuzione. Alfasigma ha raddoppiato l\u2019importo raccolto tra i propri collaboratori e dipendenti italiani <\/em><\/span><span style=\"font-weight: 400;\">\u2013 ha commentato <\/span><b>Pier Vincenzo Colli, Amministratore Delegato di Alfasigma<\/b><span style=\"font-weight: 400;\"> \u2013<\/span><span style=\"font-weight: 400;\"><em> Le altre iniziative che stiamo promuovendo, tra cui contributi economici\u00a0 e donazione di materiali, hanno l\u2019obiettivo di supportare i nostri interlocutori del sistema sanitario, mentre in questo caso abbiamo pensato fosse necessario cercare di dare un, seppur minimo, contributo al disagio economico e sociale cos\u00ec diffuso nel Paese. Si tratta di un\u2019azione di responsabilit\u00e0 sociale nei confronti delle comunit\u00e0, fatta in collaborazione con un prestigioso attore del Terzo Settore, cos\u00ec rilevante oggi anche se spesso dimenticato<\/em>\".<\/span><\/p>\n","protected":false},"excerpt":{"rendered":"<p>Dai dipendenti dell\u2019azienda farmaceutica 180 mila euro per pacchi alimentari destinati a famiglie in difficolt\u00e0.<\/p>\n","protected":false},"author":2,"featured_media":2253,"comment_status":"closed","ping_status":"closed","sticky":false,"template":"","format":"standard","meta":{"_acf_changed":false,"footnotes":""},"categories":[4],"tags":[],"class_list":["post-2520","post","type-post","status-publish","format-standard","has-post-thumbnail","hentry","category-responsabilita"],"acf":[],"yoast_head":"<!-- This site is optimized with the Yoast SEO plugin v27.3 - https:\/\/yoast.com\/product\/yoast-seo-wordpress\/ -->\n<title>Alfasigma Schweiz - Alfasigma con Caritas Italiana per un aiuto concreto<\/title>\n<meta name=\"description\" content=\"Dai dipendenti dell\u2019azienda farmaceutica 180 mila euro per pacchi alimentari destinati a famiglie in difficolt\u00e0.\" \/>\n<meta name=\"robots\" content=\"index,follow\" \/>\n<link rel=\"canonical\" href=\"https:\/\/ch.alfasigma.com\/it\/responsabilita\/alfasigma-con-caritas-italiana-per-un-aiuto-concreto\/\" \/>\n<meta property=\"og:locale\" content=\"it_IT\" \/>\n<meta property=\"og:type\" content=\"article\" \/>\n<meta property=\"og:title\" content=\"Alfasigma Schweiz - Alfasigma con Caritas Italiana per un aiuto concreto\" \/>\n<meta property=\"og:description\" content=\"Dai dipendenti dell\u2019azienda farmaceutica 180 mila euro per pacchi alimentari destinati a famiglie in difficolt\u00e0.\" \/>\n<meta property=\"og:url\" content=\"https:\/\/ch.alfasigma.com\/it\/responsabilita\/alfasigma-con-caritas-italiana-per-un-aiuto-concreto\/\" \/>\n<meta property=\"og:site_name\" content=\"Alfasigma Schweiz\" \/>\n<meta property=\"article:published_time\" content=\"2020-04-28T08:25:35+00:00\" \/>\n<meta property=\"article:modified_time\" content=\"2020-09-14T08:48:17+00:00\" \/>\n<meta property=\"og:image\" content=\"https:\/\/ch.alfasigma.com\/wp-content\/uploads\/2020\/09\/GettyImages-1219160768-post.jpg\" \/>\n\t<meta property=\"og:image:width\" content=\"1024\" \/>\n\t<meta property=\"og:image:height\" content=\"777\" \/>\n\t<meta property=\"og:image:type\" content=\"image\/jpeg\" \/>\n<meta name=\"author\" content=\"Simona Grandini\" \/>\n<meta name=\"twitter:card\" content=\"summary_large_image\" \/>\n<meta name=\"twitter:label1\" content=\"Written by\" \/>\n\t<meta name=\"twitter:data1\" content=\"Simona Grandini\" \/>\n\t<meta name=\"twitter:label2\" content=\"Est. reading time\" \/>\n\t<meta name=\"twitter:data2\" content=\"2 minutes\" \/>\n<script type=\"application\/ld+json\" class=\"yoast-schema-graph\">{\"@context\":\"https:\\\/\\\/schema.org\",\"@graph\":[{\"@type\":\"Article\",\"@id\":\"https:\\\/\\\/ch.alfasigma.com\\\/it\\\/responsabilita\\\/alfasigma-con-caritas-italiana-per-un-aiuto-concreto\\\/#article\",\"isPartOf\":{\"@id\":\"https:\\\/\\\/ch.alfasigma.com\\\/it\\\/responsabilita\\\/alfasigma-con-caritas-italiana-per-un-aiuto-concreto\\\/\"},\"author\":{\"name\":\"Simona Grandini\",\"@id\":\"https:\\\/\\\/ch.alfasigma.com\\\/it\\\/#\\\/schema\\\/person\\\/3ca962bc30660e68db9a18b3a95f8124\"},\"headline\":\"Alfasigma con Caritas Italiana per un aiuto concreto\",\"datePublished\":\"2020-04-28T08:25:35+00:00\",\"dateModified\":\"2020-09-14T08:48:17+00:00\",\"mainEntityOfPage\":{\"@id\":\"https:\\\/\\\/ch.alfasigma.com\\\/it\\\/responsabilita\\\/alfasigma-con-caritas-italiana-per-un-aiuto-concreto\\\/\"},\"wordCount\":366,\"image\":{\"@id\":\"https:\\\/\\\/ch.alfasigma.com\\\/it\\\/responsabilita\\\/alfasigma-con-caritas-italiana-per-un-aiuto-concreto\\\/#primaryimage\"},\"thumbnailUrl\":\"https:\\\/\\\/ch.alfasigma.com\\\/wp-content\\\/uploads\\\/2020\\\/09\\\/GettyImages-1219160768-post.jpg\",\"articleSection\":[\"Responsabilit\u00e0\"],\"inLanguage\":\"it-CH\"},{\"@type\":\"WebPage\",\"@id\":\"https:\\\/\\\/ch.alfasigma.com\\\/it\\\/responsabilita\\\/alfasigma-con-caritas-italiana-per-un-aiuto-concreto\\\/\",\"url\":\"https:\\\/\\\/ch.alfasigma.com\\\/it\\\/responsabilita\\\/alfasigma-con-caritas-italiana-per-un-aiuto-concreto\\\/\",\"name\":\"Alfasigma Schweiz - Alfasigma con Caritas Italiana per un aiuto concreto\",\"isPartOf\":{\"@id\":\"https:\\\/\\\/ch.alfasigma.com\\\/it\\\/#website\"},\"primaryImageOfPage\":{\"@id\":\"https:\\\/\\\/ch.alfasigma.com\\\/it\\\/responsabilita\\\/alfasigma-con-caritas-italiana-per-un-aiuto-concreto\\\/#primaryimage\"},\"image\":{\"@id\":\"https:\\\/\\\/ch.alfasigma.com\\\/it\\\/responsabilita\\\/alfasigma-con-caritas-italiana-per-un-aiuto-concreto\\\/#primaryimage\"},\"thumbnailUrl\":\"https:\\\/\\\/ch.alfasigma.com\\\/wp-content\\\/uploads\\\/2020\\\/09\\\/GettyImages-1219160768-post.jpg\",\"datePublished\":\"2020-04-28T08:25:35+00:00\",\"dateModified\":\"2020-09-14T08:48:17+00:00\",\"author\":{\"@id\":\"https:\\\/\\\/ch.alfasigma.com\\\/it\\\/#\\\/schema\\\/person\\\/3ca962bc30660e68db9a18b3a95f8124\"},\"description\":\"Dai dipendenti dell\u2019azienda farmaceutica 180 mila euro per pacchi alimentari destinati a famiglie in difficolt\u00e0.\",\"breadcrumb\":{\"@id\":\"https:\\\/\\\/ch.alfasigma.com\\\/it\\\/responsabilita\\\/alfasigma-con-caritas-italiana-per-un-aiuto-concreto\\\/#breadcrumb\"},\"inLanguage\":\"it-CH\",\"potentialAction\":[{\"@type\":\"ReadAction\",\"target\":[\"https:\\\/\\\/ch.alfasigma.com\\\/it\\\/responsabilita\\\/alfasigma-con-caritas-italiana-per-un-aiuto-concreto\\\/\"]}]},{\"@type\":\"ImageObject\",\"inLanguage\":\"it-CH\",\"@id\":\"https:\\\/\\\/ch.alfasigma.com\\\/it\\\/responsabilita\\\/alfasigma-con-caritas-italiana-per-un-aiuto-concreto\\\/#primaryimage\",\"url\":\"https:\\\/\\\/ch.alfasigma.com\\\/wp-content\\\/uploads\\\/2020\\\/09\\\/GettyImages-1219160768-post.jpg\",\"contentUrl\":\"https:\\\/\\\/ch.alfasigma.com\\\/wp-content\\\/uploads\\\/2020\\\/09\\\/GettyImages-1219160768-post.jpg\",\"width\":1024,\"height\":777,\"caption\":\"CATANIA, ITALY - APRIL 16: Caritas volunteers handout food to a homeless person in front of the entrance to the help center on April 16, 2020 in Catania Italy. Since yesterday, the Caritas Diocesan help center has reopened, respecting the anti-accounting measures, to prepare and distribute hot meals to the poor given the continuing poverty emergency from Coronavirus. The Italian government continues to enforce the nationwide lockdown measures to control the spread of COVID-19, even if some businesses categories are slowly reopening. (Photo by Fabrizio Villa\\\/Getty Images)\"},{\"@type\":\"BreadcrumbList\",\"@id\":\"https:\\\/\\\/ch.alfasigma.com\\\/it\\\/responsabilita\\\/alfasigma-con-caritas-italiana-per-un-aiuto-concreto\\\/#breadcrumb\",\"itemListElement\":[{\"@type\":\"ListItem\",\"position\":1,\"name\":\"Home\",\"item\":\"https:\\\/\\\/ch.alfasigma.com\\\/it\\\/\"},{\"@type\":\"ListItem\",\"position\":2,\"name\":\"Responsabilit\u00e0\",\"item\":\"https:\\\/\\\/ch.alfasigma.com\\\/it\\\/category\\\/responsabilita\\\/\"},{\"@type\":\"ListItem\",\"position\":3,\"name\":\"Alfasigma con Caritas Italiana per un aiuto concreto\"}]},{\"@type\":\"WebSite\",\"@id\":\"https:\\\/\\\/ch.alfasigma.com\\\/it\\\/#website\",\"url\":\"https:\\\/\\\/ch.alfasigma.com\\\/it\\\/\",\"name\":\"Alfasigma Schweiz\",\"description\":\"Pharmaceuticals with passion\",\"potentialAction\":[{\"@type\":\"SearchAction\",\"target\":{\"@type\":\"EntryPoint\",\"urlTemplate\":\"https:\\\/\\\/ch.alfasigma.com\\\/it\\\/?s={search_term_string}\"},\"query-input\":{\"@type\":\"PropertyValueSpecification\",\"valueRequired\":true,\"valueName\":\"search_term_string\"}}],\"inLanguage\":\"it-CH\"},{\"@type\":\"Person\",\"@id\":\"https:\\\/\\\/ch.alfasigma.com\\\/it\\\/#\\\/schema\\\/person\\\/3ca962bc30660e68db9a18b3a95f8124\",\"name\":\"Simona Grandini\",\"image\":{\"@type\":\"ImageObject\",\"inLanguage\":\"it-CH\",\"@id\":\"https:\\\/\\\/secure.gravatar.com\\\/avatar\\\/70300a5f4559e8d6949d452959f2e78523437d7ffa7111d8b158546aa4b24306?s=96&d=mm&r=g\",\"url\":\"https:\\\/\\\/secure.gravatar.com\\\/avatar\\\/70300a5f4559e8d6949d452959f2e78523437d7ffa7111d8b158546aa4b24306?s=96&d=mm&r=g\",\"contentUrl\":\"https:\\\/\\\/secure.gravatar.com\\\/avatar\\\/70300a5f4559e8d6949d452959f2e78523437d7ffa7111d8b158546aa4b24306?s=96&d=mm&r=g\",\"caption\":\"Simona Grandini\"}}]}<\/script>\n<!-- \/ Yoast SEO plugin. -->","yoast_head_json":{"title":"Alfasigma Schweiz - Alfasigma con Caritas Italiana per un aiuto concreto","description":"Dai dipendenti dell\u2019azienda farmaceutica 180 mila euro per pacchi alimentari destinati a famiglie in difficolt\u00e0.","robots":{"index,follow":"index,follow"},"canonical":"https:\/\/ch.alfasigma.com\/it\/responsabilita\/alfasigma-con-caritas-italiana-per-un-aiuto-concreto\/","og_locale":"it_IT","og_type":"article","og_title":"Alfasigma Schweiz - Alfasigma con Caritas Italiana per un aiuto concreto","og_description":"Dai dipendenti dell\u2019azienda farmaceutica 180 mila euro per pacchi alimentari destinati a famiglie in difficolt\u00e0.","og_url":"https:\/\/ch.alfasigma.com\/it\/responsabilita\/alfasigma-con-caritas-italiana-per-un-aiuto-concreto\/","og_site_name":"Alfasigma Schweiz","article_published_time":"2020-04-28T08:25:35+00:00","article_modified_time":"2020-09-14T08:48:17+00:00","og_image":[{"width":1024,"height":777,"url":"https:\/\/ch.alfasigma.com\/wp-content\/uploads\/2020\/09\/GettyImages-1219160768-post.jpg","type":"image\/jpeg"}],"author":"Simona Grandini","twitter_card":"summary_large_image","twitter_misc":{"Written by":"Simona Grandini","Est. reading time":"2 minutes"},"schema":{"@context":"https:\/\/schema.org","@graph":[{"@type":"Article","@id":"https:\/\/ch.alfasigma.com\/it\/responsabilita\/alfasigma-con-caritas-italiana-per-un-aiuto-concreto\/#article","isPartOf":{"@id":"https:\/\/ch.alfasigma.com\/it\/responsabilita\/alfasigma-con-caritas-italiana-per-un-aiuto-concreto\/"},"author":{"name":"Simona Grandini","@id":"https:\/\/ch.alfasigma.com\/it\/#\/schema\/person\/3ca962bc30660e68db9a18b3a95f8124"},"headline":"Alfasigma con Caritas Italiana per un aiuto concreto","datePublished":"2020-04-28T08:25:35+00:00","dateModified":"2020-09-14T08:48:17+00:00","mainEntityOfPage":{"@id":"https:\/\/ch.alfasigma.com\/it\/responsabilita\/alfasigma-con-caritas-italiana-per-un-aiuto-concreto\/"},"wordCount":366,"image":{"@id":"https:\/\/ch.alfasigma.com\/it\/responsabilita\/alfasigma-con-caritas-italiana-per-un-aiuto-concreto\/#primaryimage"},"thumbnailUrl":"https:\/\/ch.alfasigma.com\/wp-content\/uploads\/2020\/09\/GettyImages-1219160768-post.jpg","articleSection":["Responsabilit\u00e0"],"inLanguage":"it-CH"},{"@type":"WebPage","@id":"https:\/\/ch.alfasigma.com\/it\/responsabilita\/alfasigma-con-caritas-italiana-per-un-aiuto-concreto\/","url":"https:\/\/ch.alfasigma.com\/it\/responsabilita\/alfasigma-con-caritas-italiana-per-un-aiuto-concreto\/","name":"Alfasigma Schweiz - Alfasigma con Caritas Italiana per un aiuto concreto","isPartOf":{"@id":"https:\/\/ch.alfasigma.com\/it\/#website"},"primaryImageOfPage":{"@id":"https:\/\/ch.alfasigma.com\/it\/responsabilita\/alfasigma-con-caritas-italiana-per-un-aiuto-concreto\/#primaryimage"},"image":{"@id":"https:\/\/ch.alfasigma.com\/it\/responsabilita\/alfasigma-con-caritas-italiana-per-un-aiuto-concreto\/#primaryimage"},"thumbnailUrl":"https:\/\/ch.alfasigma.com\/wp-content\/uploads\/2020\/09\/GettyImages-1219160768-post.jpg","datePublished":"2020-04-28T08:25:35+00:00","dateModified":"2020-09-14T08:48:17+00:00","author":{"@id":"https:\/\/ch.alfasigma.com\/it\/#\/schema\/person\/3ca962bc30660e68db9a18b3a95f8124"},"description":"Dai dipendenti dell\u2019azienda farmaceutica 180 mila euro per pacchi alimentari destinati a famiglie in difficolt\u00e0.","breadcrumb":{"@id":"https:\/\/ch.alfasigma.com\/it\/responsabilita\/alfasigma-con-caritas-italiana-per-un-aiuto-concreto\/#breadcrumb"},"inLanguage":"it-CH","potentialAction":[{"@type":"ReadAction","target":["https:\/\/ch.alfasigma.com\/it\/responsabilita\/alfasigma-con-caritas-italiana-per-un-aiuto-concreto\/"]}]},{"@type":"ImageObject","inLanguage":"it-CH","@id":"https:\/\/ch.alfasigma.com\/it\/responsabilita\/alfasigma-con-caritas-italiana-per-un-aiuto-concreto\/#primaryimage","url":"https:\/\/ch.alfasigma.com\/wp-content\/uploads\/2020\/09\/GettyImages-1219160768-post.jpg","contentUrl":"https:\/\/ch.alfasigma.com\/wp-content\/uploads\/2020\/09\/GettyImages-1219160768-post.jpg","width":1024,"height":777,"caption":"CATANIA, ITALY - APRIL 16: Caritas volunteers handout food to a homeless person in front of the entrance to the help center on April 16, 2020 in Catania Italy. Since yesterday, the Caritas Diocesan help center has reopened, respecting the anti-accounting measures, to prepare and distribute hot meals to the poor given the continuing poverty emergency from Coronavirus. The Italian government continues to enforce the nationwide lockdown measures to control the spread of COVID-19, even if some businesses categories are slowly reopening. (Photo by Fabrizio Villa\/Getty Images)"},{"@type":"BreadcrumbList","@id":"https:\/\/ch.alfasigma.com\/it\/responsabilita\/alfasigma-con-caritas-italiana-per-un-aiuto-concreto\/#breadcrumb","itemListElement":[{"@type":"ListItem","position":1,"name":"Home","item":"https:\/\/ch.alfasigma.com\/it\/"},{"@type":"ListItem","position":2,"name":"Responsabilit\u00e0","item":"https:\/\/ch.alfasigma.com\/it\/category\/responsabilita\/"},{"@type":"ListItem","position":3,"name":"Alfasigma con Caritas Italiana per un aiuto concreto"}]},{"@type":"WebSite","@id":"https:\/\/ch.alfasigma.com\/it\/#website","url":"https:\/\/ch.alfasigma.com\/it\/","name":"Alfasigma Schweiz","description":"Pharmaceuticals with passion","potentialAction":[{"@type":"SearchAction","target":{"@type":"EntryPoint","urlTemplate":"https:\/\/ch.alfasigma.com\/it\/?s={search_term_string}"},"query-input":{"@type":"PropertyValueSpecification","valueRequired":true,"valueName":"search_term_string"}}],"inLanguage":"it-CH"},{"@type":"Person","@id":"https:\/\/ch.alfasigma.com\/it\/#\/schema\/person\/3ca962bc30660e68db9a18b3a95f8124","name":"Simona Grandini","image":{"@type":"ImageObject","inLanguage":"it-CH","@id":"https:\/\/secure.gravatar.com\/avatar\/70300a5f4559e8d6949d452959f2e78523437d7ffa7111d8b158546aa4b24306?s=96&d=mm&r=g","url":"https:\/\/secure.gravatar.com\/avatar\/70300a5f4559e8d6949d452959f2e78523437d7ffa7111d8b158546aa4b24306?s=96&d=mm&r=g","contentUrl":"https:\/\/secure.gravatar.com\/avatar\/70300a5f4559e8d6949d452959f2e78523437d7ffa7111d8b158546aa4b24306?s=96&d=mm&r=g","caption":"Simona Grandini"}}]}},"_links":{"self":[{"href":"https:\/\/ch.alfasigma.com\/it\/wp-json\/wp\/v2\/posts\/2520","targetHints":{"allow":["GET"]}}],"collection":[{"href":"https:\/\/ch.alfasigma.com\/it\/wp-json\/wp\/v2\/posts"}],"about":[{"href":"https:\/\/ch.alfasigma.com\/it\/wp-json\/wp\/v2\/types\/post"}],"author":[{"embeddable":true,"href":"https:\/\/ch.alfasigma.com\/it\/wp-json\/wp\/v2\/users\/2"}],"replies":[{"embeddable":true,"href":"https:\/\/ch.alfasigma.com\/it\/wp-json\/wp\/v2\/comments?post=2520"}],"version-history":[{"count":0,"href":"https:\/\/ch.alfasigma.com\/it\/wp-json\/wp\/v2\/posts\/2520\/revisions"}],"wp:featuredmedia":[{"embeddable":true,"href":"https:\/\/ch.alfasigma.com\/it\/wp-json\/wp\/v2\/media\/2253"}],"wp:attachment":[{"href":"https:\/\/ch.alfasigma.com\/it\/wp-json\/wp\/v2\/media?parent=2520"}],"wp:term":[{"taxonomy":"category","embeddable":true,"href":"https:\/\/ch.alfasigma.com\/it\/wp-json\/wp\/v2\/categories?post=2520"},{"taxonomy":"post_tag","embeddable":true,"href":"https:\/\/ch.alfasigma.com\/it\/wp-json\/wp\/v2\/tags?post=2520"}],"curies":[{"name":"wp","href":"https:\/\/api.w.org\/{rel}","templated":true}]}}