{"id":2709,"date":"2020-10-10T17:43:58","date_gmt":"2020-10-10T17:43:58","guid":{"rendered":"https:\/\/ch.alfasigma.com\/?p=2709"},"modified":"2020-12-04T18:23:28","modified_gmt":"2020-12-04T18:23:28","slug":"il-fondatore-di-alfasigma-festeggia-un-secolo-di-vita-e-per-lui-centinaia-di-auguri-da-tutto-il-mondo-2","status":"publish","type":"post","link":"https:\/\/ch.alfasigma.com\/it\/corporate\/il-fondatore-di-alfasigma-festeggia-un-secolo-di-vita-e-per-lui-centinaia-di-auguri-da-tutto-il-mondo-2\/","title":{"rendered":"Il fondatore di Alfasigma festeggia un secolo di vita e per lui centinaia di auguri da tutto il mondo"},"content":{"rendered":"<p><strong>Nato nel 1920, fonda la Biochimici Alfa nel 1948<\/strong> e da quel momento l\u2019azienda ha sempre avuto un ruolo da protagonista nella storia dell\u2019industria farmaceutica diventando prima Alfa Wassermann e poi - fondendosi con Sigma Tau \u2013 <strong>Alfasigma, un grande Gruppo multinazionale a capitale italiano.<\/strong><br \/>\nNegli anni il Cavaliere Marino Golinelli \u00e8 andato oltre il suo ruolo di imprenditore, diventando un tassello fondamentale della propria comunit\u00e0<strong>.<\/strong> Un filantropo che nel <strong>1988 decide di dare vita alla Fondazione Golinelli<\/strong> in cui lui stesso investe oltre 85 milioni di euro del proprio patrimonio personale. Una realt\u00e0 attiva nell\u2019ambito dell\u2019educazione, della formazione, della ricerca e delle innovazioni che offre a giovani e meno giovani strumenti aggiornati per comprendere il futuro, favorendo la crescita culturale, la consapevolezza e la capacit\u00e0 di affrontare in modo responsabile il mondo del lavoro con professionalit\u00e0 e umanit\u00e0.<\/p>\n<p>Per festeggiare i primi cento anni di una vita cos\u00ec ricca,<strong> i dipendenti di Alfasigma hanno realizzato un sito web <\/strong><a href=\"http:\/\/www.centomarinogolinelli.it\">www.centomarinogolinelli.it <\/a>dove sono pubblicati auguri sotto forma di video, messaggi di testo, fotografie, poesie, immagini e disegni. <strong>Centinaia gli attestati di affetto<\/strong> provenienti da tutto il mondo che simboleggiano la gratitudine e l\u2019amore di una comunit\u00e0 che vuole ringraziare un uomo come pochi altri, un Cavaliere del lavoro e di vita.<\/p>\n","protected":false},"excerpt":{"rendered":"<p>Marino Golinelli compie cento anni, ma il suo non \u00e8 un compleanno come tanti. Da tutto il mondo sono arrivati centinaia di messaggi di auguri da parte di collaboratori, dipendenti, amici e persone comuni che hanno voluto omaggiare un uomo la cui vita non pu\u00f2 che essere un modello da seguire.<\/p>\n","protected":false},"author":8,"featured_media":2704,"comment_status":"closed","ping_status":"closed","sticky":false,"template":"","format":"standard","meta":{"_acf_changed":false,"footnotes":""},"categories":[5],"tags":[],"class_list":["post-2709","post","type-post","status-publish","format-standard","has-post-thumbnail","hentry","category-corporate"],"acf":[],"yoast_head":"<!-- This site is optimized with the Yoast SEO plugin v27.3 - https:\/\/yoast.com\/product\/yoast-seo-wordpress\/ -->\n<title>Alfasigma Schweiz - Il fondatore di Alfasigma festeggia un secolo di vita e per lui centinaia di auguri da tutto il mondo<\/title>\n<meta name=\"description\" content=\"Marino Golinelli compie cento anni, ma il suo non \u00e8 un compleanno come tanti. Da tutto il mondo sono arrivati centinaia di messaggi di auguri da parte di collaboratori, dipendenti, amici e persone comuni che hanno voluto omaggiare un uomo la cui vita non pu\u00f2 che essere un modello da seguire. Una vita vissuta sempre con lo sguardo rivolto al futuro e con grande senso di responsabilit\u00e0 civica e culturale.\" \/>\n<meta name=\"robots\" content=\"index,follow\" \/>\n<link rel=\"canonical\" href=\"https:\/\/ch.alfasigma.com\/it\/corporate\/il-fondatore-di-alfasigma-festeggia-un-secolo-di-vita-e-per-lui-centinaia-di-auguri-da-tutto-il-mondo-2\/\" \/>\n<meta property=\"og:locale\" content=\"it_IT\" \/>\n<meta property=\"og:type\" content=\"article\" \/>\n<meta property=\"og:title\" content=\"Alfasigma Schweiz - Il fondatore di Alfasigma festeggia un secolo di vita e per lui centinaia di auguri da tutto il mondo\" \/>\n<meta property=\"og:description\" content=\"Marino Golinelli compie cento anni, ma il suo non \u00e8 un compleanno come tanti. Da tutto il mondo sono arrivati centinaia di messaggi di auguri da parte di collaboratori, dipendenti, amici e persone comuni che hanno voluto omaggiare un uomo la cui vita non pu\u00f2 che essere un modello da seguire. Una vita vissuta sempre con lo sguardo rivolto al futuro e con grande senso di responsabilit\u00e0 civica e culturale.\" \/>\n<meta property=\"og:url\" content=\"https:\/\/ch.alfasigma.com\/it\/corporate\/il-fondatore-di-alfasigma-festeggia-un-secolo-di-vita-e-per-lui-centinaia-di-auguri-da-tutto-il-mondo-2\/\" \/>\n<meta property=\"og:site_name\" content=\"Alfasigma Schweiz\" \/>\n<meta property=\"article:published_time\" content=\"2020-10-10T17:43:58+00:00\" \/>\n<meta property=\"article:modified_time\" content=\"2020-12-04T18:23:28+00:00\" \/>\n<meta property=\"og:image\" content=\"https:\/\/ch.alfasigma.com\/wp-content\/uploads\/2020\/10\/Buon-compleanno-Marino-.png\" \/>\n\t<meta property=\"og:image:width\" content=\"998\" \/>\n\t<meta property=\"og:image:height\" content=\"720\" \/>\n\t<meta property=\"og:image:type\" content=\"image\/png\" \/>\n<meta name=\"author\" content=\"Giulia\" \/>\n<meta name=\"twitter:card\" content=\"summary_large_image\" \/>\n<meta name=\"twitter:label1\" content=\"Written by\" \/>\n\t<meta name=\"twitter:data1\" content=\"Giulia\" \/>\n\t<meta name=\"twitter:label2\" content=\"Est. reading time\" \/>\n\t<meta name=\"twitter:data2\" content=\"1 minute\" \/>\n<script type=\"application\/ld+json\" class=\"yoast-schema-graph\">{\"@context\":\"https:\\\/\\\/schema.org\",\"@graph\":[{\"@type\":\"Article\",\"@id\":\"https:\\\/\\\/ch.alfasigma.com\\\/it\\\/corporate\\\/il-fondatore-di-alfasigma-festeggia-un-secolo-di-vita-e-per-lui-centinaia-di-auguri-da-tutto-il-mondo-2\\\/#article\",\"isPartOf\":{\"@id\":\"https:\\\/\\\/ch.alfasigma.com\\\/it\\\/corporate\\\/il-fondatore-di-alfasigma-festeggia-un-secolo-di-vita-e-per-lui-centinaia-di-auguri-da-tutto-il-mondo-2\\\/\"},\"author\":{\"name\":\"Giulia\",\"@id\":\"https:\\\/\\\/ch.alfasigma.com\\\/it\\\/#\\\/schema\\\/person\\\/bc9893f0d18bb6b855cc099168d086a0\"},\"headline\":\"Il fondatore di Alfasigma festeggia un secolo di vita e per lui centinaia di auguri da tutto il mondo\",\"datePublished\":\"2020-10-10T17:43:58+00:00\",\"dateModified\":\"2020-12-04T18:23:28+00:00\",\"mainEntityOfPage\":{\"@id\":\"https:\\\/\\\/ch.alfasigma.com\\\/it\\\/corporate\\\/il-fondatore-di-alfasigma-festeggia-un-secolo-di-vita-e-per-lui-centinaia-di-auguri-da-tutto-il-mondo-2\\\/\"},\"wordCount\":230,\"image\":{\"@id\":\"https:\\\/\\\/ch.alfasigma.com\\\/it\\\/corporate\\\/il-fondatore-di-alfasigma-festeggia-un-secolo-di-vita-e-per-lui-centinaia-di-auguri-da-tutto-il-mondo-2\\\/#primaryimage\"},\"thumbnailUrl\":\"https:\\\/\\\/ch.alfasigma.com\\\/wp-content\\\/uploads\\\/2020\\\/10\\\/Buon-compleanno-Marino-.png\",\"articleSection\":[\"Corporate\"],\"inLanguage\":\"it-CH\"},{\"@type\":\"WebPage\",\"@id\":\"https:\\\/\\\/ch.alfasigma.com\\\/it\\\/corporate\\\/il-fondatore-di-alfasigma-festeggia-un-secolo-di-vita-e-per-lui-centinaia-di-auguri-da-tutto-il-mondo-2\\\/\",\"url\":\"https:\\\/\\\/ch.alfasigma.com\\\/it\\\/corporate\\\/il-fondatore-di-alfasigma-festeggia-un-secolo-di-vita-e-per-lui-centinaia-di-auguri-da-tutto-il-mondo-2\\\/\",\"name\":\"Alfasigma Schweiz - Il fondatore di Alfasigma festeggia un secolo di vita e per lui centinaia di auguri da tutto il mondo\",\"isPartOf\":{\"@id\":\"https:\\\/\\\/ch.alfasigma.com\\\/it\\\/#website\"},\"primaryImageOfPage\":{\"@id\":\"https:\\\/\\\/ch.alfasigma.com\\\/it\\\/corporate\\\/il-fondatore-di-alfasigma-festeggia-un-secolo-di-vita-e-per-lui-centinaia-di-auguri-da-tutto-il-mondo-2\\\/#primaryimage\"},\"image\":{\"@id\":\"https:\\\/\\\/ch.alfasigma.com\\\/it\\\/corporate\\\/il-fondatore-di-alfasigma-festeggia-un-secolo-di-vita-e-per-lui-centinaia-di-auguri-da-tutto-il-mondo-2\\\/#primaryimage\"},\"thumbnailUrl\":\"https:\\\/\\\/ch.alfasigma.com\\\/wp-content\\\/uploads\\\/2020\\\/10\\\/Buon-compleanno-Marino-.png\",\"datePublished\":\"2020-10-10T17:43:58+00:00\",\"dateModified\":\"2020-12-04T18:23:28+00:00\",\"author\":{\"@id\":\"https:\\\/\\\/ch.alfasigma.com\\\/it\\\/#\\\/schema\\\/person\\\/bc9893f0d18bb6b855cc099168d086a0\"},\"description\":\"Marino Golinelli compie cento anni, ma il suo non \u00e8 un compleanno come tanti. Da tutto il mondo sono arrivati centinaia di messaggi di auguri da parte di collaboratori, dipendenti, amici e persone comuni che hanno voluto omaggiare un uomo la cui vita non pu\u00f2 che essere un modello da seguire. Una vita vissuta sempre con lo sguardo rivolto al futuro e con grande senso di responsabilit\u00e0 civica e culturale.\",\"breadcrumb\":{\"@id\":\"https:\\\/\\\/ch.alfasigma.com\\\/it\\\/corporate\\\/il-fondatore-di-alfasigma-festeggia-un-secolo-di-vita-e-per-lui-centinaia-di-auguri-da-tutto-il-mondo-2\\\/#breadcrumb\"},\"inLanguage\":\"it-CH\",\"potentialAction\":[{\"@type\":\"ReadAction\",\"target\":[\"https:\\\/\\\/ch.alfasigma.com\\\/it\\\/corporate\\\/il-fondatore-di-alfasigma-festeggia-un-secolo-di-vita-e-per-lui-centinaia-di-auguri-da-tutto-il-mondo-2\\\/\"]}]},{\"@type\":\"ImageObject\",\"inLanguage\":\"it-CH\",\"@id\":\"https:\\\/\\\/ch.alfasigma.com\\\/it\\\/corporate\\\/il-fondatore-di-alfasigma-festeggia-un-secolo-di-vita-e-per-lui-centinaia-di-auguri-da-tutto-il-mondo-2\\\/#primaryimage\",\"url\":\"https:\\\/\\\/ch.alfasigma.com\\\/wp-content\\\/uploads\\\/2020\\\/10\\\/Buon-compleanno-Marino-.png\",\"contentUrl\":\"https:\\\/\\\/ch.alfasigma.com\\\/wp-content\\\/uploads\\\/2020\\\/10\\\/Buon-compleanno-Marino-.png\",\"width\":998,\"height\":720},{\"@type\":\"BreadcrumbList\",\"@id\":\"https:\\\/\\\/ch.alfasigma.com\\\/it\\\/corporate\\\/il-fondatore-di-alfasigma-festeggia-un-secolo-di-vita-e-per-lui-centinaia-di-auguri-da-tutto-il-mondo-2\\\/#breadcrumb\",\"itemListElement\":[{\"@type\":\"ListItem\",\"position\":1,\"name\":\"Home\",\"item\":\"https:\\\/\\\/ch.alfasigma.com\\\/it\\\/\"},{\"@type\":\"ListItem\",\"position\":2,\"name\":\"Corporate\",\"item\":\"https:\\\/\\\/ch.alfasigma.com\\\/it\\\/category\\\/corporate\\\/\"},{\"@type\":\"ListItem\",\"position\":3,\"name\":\"Il fondatore di Alfasigma festeggia un secolo di vita e per lui centinaia di auguri da tutto il mondo\"}]},{\"@type\":\"WebSite\",\"@id\":\"https:\\\/\\\/ch.alfasigma.com\\\/it\\\/#website\",\"url\":\"https:\\\/\\\/ch.alfasigma.com\\\/it\\\/\",\"name\":\"Alfasigma Schweiz\",\"description\":\"Pharmaceuticals with passion\",\"potentialAction\":[{\"@type\":\"SearchAction\",\"target\":{\"@type\":\"EntryPoint\",\"urlTemplate\":\"https:\\\/\\\/ch.alfasigma.com\\\/it\\\/?s={search_term_string}\"},\"query-input\":{\"@type\":\"PropertyValueSpecification\",\"valueRequired\":true,\"valueName\":\"search_term_string\"}}],\"inLanguage\":\"it-CH\"},{\"@type\":\"Person\",\"@id\":\"https:\\\/\\\/ch.alfasigma.com\\\/it\\\/#\\\/schema\\\/person\\\/bc9893f0d18bb6b855cc099168d086a0\",\"name\":\"Giulia\",\"image\":{\"@type\":\"ImageObject\",\"inLanguage\":\"it-CH\",\"@id\":\"https:\\\/\\\/secure.gravatar.com\\\/avatar\\\/47434a492dfd400f06c144f31b793ad4739024d99dfcd246156e33146cef54f8?s=96&d=mm&r=g\",\"url\":\"https:\\\/\\\/secure.gravatar.com\\\/avatar\\\/47434a492dfd400f06c144f31b793ad4739024d99dfcd246156e33146cef54f8?s=96&d=mm&r=g\",\"contentUrl\":\"https:\\\/\\\/secure.gravatar.com\\\/avatar\\\/47434a492dfd400f06c144f31b793ad4739024d99dfcd246156e33146cef54f8?s=96&d=mm&r=g\",\"caption\":\"Giulia\"}}]}<\/script>\n<!-- \/ Yoast SEO plugin. -->","yoast_head_json":{"title":"Alfasigma Schweiz - Il fondatore di Alfasigma festeggia un secolo di vita e per lui centinaia di auguri da tutto il mondo","description":"Marino Golinelli compie cento anni, ma il suo non \u00e8 un compleanno come tanti. Da tutto il mondo sono arrivati centinaia di messaggi di auguri da parte di collaboratori, dipendenti, amici e persone comuni che hanno voluto omaggiare un uomo la cui vita non pu\u00f2 che essere un modello da seguire. Una vita vissuta sempre con lo sguardo rivolto al futuro e con grande senso di responsabilit\u00e0 civica e culturale.","robots":{"index,follow":"index,follow"},"canonical":"https:\/\/ch.alfasigma.com\/it\/corporate\/il-fondatore-di-alfasigma-festeggia-un-secolo-di-vita-e-per-lui-centinaia-di-auguri-da-tutto-il-mondo-2\/","og_locale":"it_IT","og_type":"article","og_title":"Alfasigma Schweiz - Il fondatore di Alfasigma festeggia un secolo di vita e per lui centinaia di auguri da tutto il mondo","og_description":"Marino Golinelli compie cento anni, ma il suo non \u00e8 un compleanno come tanti. Da tutto il mondo sono arrivati centinaia di messaggi di auguri da parte di collaboratori, dipendenti, amici e persone comuni che hanno voluto omaggiare un uomo la cui vita non pu\u00f2 che essere un modello da seguire. Una vita vissuta sempre con lo sguardo rivolto al futuro e con grande senso di responsabilit\u00e0 civica e culturale.","og_url":"https:\/\/ch.alfasigma.com\/it\/corporate\/il-fondatore-di-alfasigma-festeggia-un-secolo-di-vita-e-per-lui-centinaia-di-auguri-da-tutto-il-mondo-2\/","og_site_name":"Alfasigma Schweiz","article_published_time":"2020-10-10T17:43:58+00:00","article_modified_time":"2020-12-04T18:23:28+00:00","og_image":[{"width":998,"height":720,"url":"https:\/\/ch.alfasigma.com\/wp-content\/uploads\/2020\/10\/Buon-compleanno-Marino-.png","type":"image\/png"}],"author":"Giulia","twitter_card":"summary_large_image","twitter_misc":{"Written by":"Giulia","Est. reading time":"1 minute"},"schema":{"@context":"https:\/\/schema.org","@graph":[{"@type":"Article","@id":"https:\/\/ch.alfasigma.com\/it\/corporate\/il-fondatore-di-alfasigma-festeggia-un-secolo-di-vita-e-per-lui-centinaia-di-auguri-da-tutto-il-mondo-2\/#article","isPartOf":{"@id":"https:\/\/ch.alfasigma.com\/it\/corporate\/il-fondatore-di-alfasigma-festeggia-un-secolo-di-vita-e-per-lui-centinaia-di-auguri-da-tutto-il-mondo-2\/"},"author":{"name":"Giulia","@id":"https:\/\/ch.alfasigma.com\/it\/#\/schema\/person\/bc9893f0d18bb6b855cc099168d086a0"},"headline":"Il fondatore di Alfasigma festeggia un secolo di vita e per lui centinaia di auguri da tutto il mondo","datePublished":"2020-10-10T17:43:58+00:00","dateModified":"2020-12-04T18:23:28+00:00","mainEntityOfPage":{"@id":"https:\/\/ch.alfasigma.com\/it\/corporate\/il-fondatore-di-alfasigma-festeggia-un-secolo-di-vita-e-per-lui-centinaia-di-auguri-da-tutto-il-mondo-2\/"},"wordCount":230,"image":{"@id":"https:\/\/ch.alfasigma.com\/it\/corporate\/il-fondatore-di-alfasigma-festeggia-un-secolo-di-vita-e-per-lui-centinaia-di-auguri-da-tutto-il-mondo-2\/#primaryimage"},"thumbnailUrl":"https:\/\/ch.alfasigma.com\/wp-content\/uploads\/2020\/10\/Buon-compleanno-Marino-.png","articleSection":["Corporate"],"inLanguage":"it-CH"},{"@type":"WebPage","@id":"https:\/\/ch.alfasigma.com\/it\/corporate\/il-fondatore-di-alfasigma-festeggia-un-secolo-di-vita-e-per-lui-centinaia-di-auguri-da-tutto-il-mondo-2\/","url":"https:\/\/ch.alfasigma.com\/it\/corporate\/il-fondatore-di-alfasigma-festeggia-un-secolo-di-vita-e-per-lui-centinaia-di-auguri-da-tutto-il-mondo-2\/","name":"Alfasigma Schweiz - Il fondatore di Alfasigma festeggia un secolo di vita e per lui centinaia di auguri da tutto il mondo","isPartOf":{"@id":"https:\/\/ch.alfasigma.com\/it\/#website"},"primaryImageOfPage":{"@id":"https:\/\/ch.alfasigma.com\/it\/corporate\/il-fondatore-di-alfasigma-festeggia-un-secolo-di-vita-e-per-lui-centinaia-di-auguri-da-tutto-il-mondo-2\/#primaryimage"},"image":{"@id":"https:\/\/ch.alfasigma.com\/it\/corporate\/il-fondatore-di-alfasigma-festeggia-un-secolo-di-vita-e-per-lui-centinaia-di-auguri-da-tutto-il-mondo-2\/#primaryimage"},"thumbnailUrl":"https:\/\/ch.alfasigma.com\/wp-content\/uploads\/2020\/10\/Buon-compleanno-Marino-.png","datePublished":"2020-10-10T17:43:58+00:00","dateModified":"2020-12-04T18:23:28+00:00","author":{"@id":"https:\/\/ch.alfasigma.com\/it\/#\/schema\/person\/bc9893f0d18bb6b855cc099168d086a0"},"description":"Marino Golinelli compie cento anni, ma il suo non \u00e8 un compleanno come tanti. Da tutto il mondo sono arrivati centinaia di messaggi di auguri da parte di collaboratori, dipendenti, amici e persone comuni che hanno voluto omaggiare un uomo la cui vita non pu\u00f2 che essere un modello da seguire. Una vita vissuta sempre con lo sguardo rivolto al futuro e con grande senso di responsabilit\u00e0 civica e culturale.","breadcrumb":{"@id":"https:\/\/ch.alfasigma.com\/it\/corporate\/il-fondatore-di-alfasigma-festeggia-un-secolo-di-vita-e-per-lui-centinaia-di-auguri-da-tutto-il-mondo-2\/#breadcrumb"},"inLanguage":"it-CH","potentialAction":[{"@type":"ReadAction","target":["https:\/\/ch.alfasigma.com\/it\/corporate\/il-fondatore-di-alfasigma-festeggia-un-secolo-di-vita-e-per-lui-centinaia-di-auguri-da-tutto-il-mondo-2\/"]}]},{"@type":"ImageObject","inLanguage":"it-CH","@id":"https:\/\/ch.alfasigma.com\/it\/corporate\/il-fondatore-di-alfasigma-festeggia-un-secolo-di-vita-e-per-lui-centinaia-di-auguri-da-tutto-il-mondo-2\/#primaryimage","url":"https:\/\/ch.alfasigma.com\/wp-content\/uploads\/2020\/10\/Buon-compleanno-Marino-.png","contentUrl":"https:\/\/ch.alfasigma.com\/wp-content\/uploads\/2020\/10\/Buon-compleanno-Marino-.png","width":998,"height":720},{"@type":"BreadcrumbList","@id":"https:\/\/ch.alfasigma.com\/it\/corporate\/il-fondatore-di-alfasigma-festeggia-un-secolo-di-vita-e-per-lui-centinaia-di-auguri-da-tutto-il-mondo-2\/#breadcrumb","itemListElement":[{"@type":"ListItem","position":1,"name":"Home","item":"https:\/\/ch.alfasigma.com\/it\/"},{"@type":"ListItem","position":2,"name":"Corporate","item":"https:\/\/ch.alfasigma.com\/it\/category\/corporate\/"},{"@type":"ListItem","position":3,"name":"Il fondatore di Alfasigma festeggia un secolo di vita e per lui centinaia di auguri da tutto il mondo"}]},{"@type":"WebSite","@id":"https:\/\/ch.alfasigma.com\/it\/#website","url":"https:\/\/ch.alfasigma.com\/it\/","name":"Alfasigma Schweiz","description":"Pharmaceuticals with passion","potentialAction":[{"@type":"SearchAction","target":{"@type":"EntryPoint","urlTemplate":"https:\/\/ch.alfasigma.com\/it\/?s={search_term_string}"},"query-input":{"@type":"PropertyValueSpecification","valueRequired":true,"valueName":"search_term_string"}}],"inLanguage":"it-CH"},{"@type":"Person","@id":"https:\/\/ch.alfasigma.com\/it\/#\/schema\/person\/bc9893f0d18bb6b855cc099168d086a0","name":"Giulia","image":{"@type":"ImageObject","inLanguage":"it-CH","@id":"https:\/\/secure.gravatar.com\/avatar\/47434a492dfd400f06c144f31b793ad4739024d99dfcd246156e33146cef54f8?s=96&d=mm&r=g","url":"https:\/\/secure.gravatar.com\/avatar\/47434a492dfd400f06c144f31b793ad4739024d99dfcd246156e33146cef54f8?s=96&d=mm&r=g","contentUrl":"https:\/\/secure.gravatar.com\/avatar\/47434a492dfd400f06c144f31b793ad4739024d99dfcd246156e33146cef54f8?s=96&d=mm&r=g","caption":"Giulia"}}]}},"_links":{"self":[{"href":"https:\/\/ch.alfasigma.com\/it\/wp-json\/wp\/v2\/posts\/2709","targetHints":{"allow":["GET"]}}],"collection":[{"href":"https:\/\/ch.alfasigma.com\/it\/wp-json\/wp\/v2\/posts"}],"about":[{"href":"https:\/\/ch.alfasigma.com\/it\/wp-json\/wp\/v2\/types\/post"}],"author":[{"embeddable":true,"href":"https:\/\/ch.alfasigma.com\/it\/wp-json\/wp\/v2\/users\/8"}],"replies":[{"embeddable":true,"href":"https:\/\/ch.alfasigma.com\/it\/wp-json\/wp\/v2\/comments?post=2709"}],"version-history":[{"count":0,"href":"https:\/\/ch.alfasigma.com\/it\/wp-json\/wp\/v2\/posts\/2709\/revisions"}],"wp:featuredmedia":[{"embeddable":true,"href":"https:\/\/ch.alfasigma.com\/it\/wp-json\/wp\/v2\/media\/2704"}],"wp:attachment":[{"href":"https:\/\/ch.alfasigma.com\/it\/wp-json\/wp\/v2\/media?parent=2709"}],"wp:term":[{"taxonomy":"category","embeddable":true,"href":"https:\/\/ch.alfasigma.com\/it\/wp-json\/wp\/v2\/categories?post=2709"},{"taxonomy":"post_tag","embeddable":true,"href":"https:\/\/ch.alfasigma.com\/it\/wp-json\/wp\/v2\/tags?post=2709"}],"curies":[{"name":"wp","href":"https:\/\/api.w.org\/{rel}","templated":true}]}}