{"id":2725,"date":"2020-10-13T09:06:59","date_gmt":"2020-10-13T09:06:59","guid":{"rendered":"https:\/\/ch.alfasigma.com\/?p=2725"},"modified":"2021-11-11T10:00:08","modified_gmt":"2021-11-11T10:00:08","slug":"online-il-primo-report-di-sostenibilita-dellazienda","status":"publish","type":"post","link":"https:\/\/ch.alfasigma.com\/it\/responsabilita\/online-il-primo-report-di-sostenibilita-dellazienda\/","title":{"rendered":"Online il primo Report di Sostenibilit\u00e0 dell\u2019azienda"},"content":{"rendered":"<p>Alfasigma ha presentato il primo<strong><a href=\"https:\/\/ch.alfasigma.com\/wp-content\/uploads\/2020\/10\/Report-di-sostenibilita-Alfasigma-2019-1.pdf\"> \u201cRapporto di Sostenibilit\u00e0 2019\u201d<\/a> al teatro Comunale di Bologna<\/strong>.<\/p>\n<p>Da sempre attenta e focalizzata sulla tutela e la promozione dei diritti umani con una particolare attenzione nei confronti delle comunit\u00e0 che lavorano presso i propri stabilimenti, la responsabilit\u00e0 sociale d\u2019impresa (Csr) fa parte del dna di Alfasigma, anzi, ne costituisce una delle caratteristiche distintive. Alla presentazione sono intervenuti il sovrintendente del Teatro Comunale di Bologna, Fulvio Macciardi che ha fatto gli onori di casa, il Presidente di Alfasigma Stefano Golinelli e l\u2019Amministratore Delegato, Pier Vincenzo Colli. In due successivi panel si sono confrontati Rossella Sobrero (presidente di Ferpi e promotrice del <a href=\"http:\/\/www.csreinnovazionesociale.it\/\">Salone della CSR<\/a>) e Sergio Vazzoler (consigliere FIMA e partner di <a href=\"http:\/\/www.amapola.it\/\">Amapola)<\/a>\u00a0 con l\u2019assessore al lavoro del Comune di Bologna Marco Lombardo sui temi della sostenibilit\u00e0 ambientale e sociale, mentre Raffaella Pannuti e Valeria Corazza (rispettivamente presidenti di <a href=\"https:\/\/ant.it\/\">ANT<\/a> e <a href=\"https:\/\/www.apiafco.org\/\">Apiafco<\/a> \u2013 associazione persone con psoriasi link) hanno chiuso l\u2019evento con due esempi concreti di collaborazione tra azienda e enti del terzo settore impegnati nella salute.<\/p>\n<figure id=\"attachment_2731\" aria-describedby=\"caption-attachment-2731\" style=\"width: 300px\" class=\"wp-caption alignleft\"><img fetchpriority=\"high\" decoding=\"async\" class=\"size-medium wp-image-2731\" src=\"https:\/\/ch.alfasigma.com\/wp-content\/uploads\/2020\/10\/DSC_9461-min-300x200.jpg\" alt=\"\" width=\"300\" height=\"200\" srcset=\"https:\/\/ch.alfasigma.com\/wp-content\/uploads\/2020\/10\/DSC_9461-min-300x200.jpg 300w, https:\/\/ch.alfasigma.com\/wp-content\/uploads\/2020\/10\/DSC_9461-min-1024x683.jpg 1024w, https:\/\/ch.alfasigma.com\/wp-content\/uploads\/2020\/10\/DSC_9461-min-768x512.jpg 768w, https:\/\/ch.alfasigma.com\/wp-content\/uploads\/2020\/10\/DSC_9461-min-1536x1024.jpg 1536w, https:\/\/ch.alfasigma.com\/wp-content\/uploads\/2020\/10\/DSC_9461-min-2048x1365.jpg 2048w\" sizes=\"(max-width: 300px) 100vw, 300px\" \/><figcaption id=\"caption-attachment-2731\" class=\"wp-caption-text\">Stefano Golinelli<\/figcaption><\/figure>\n<p>\u201c<em>La responsabilit\u00e0 sociale ha accompagnato da sempre la nostra storia, ancor prima che Alfa Wassermann e Sigma-Tau si unissero per dare origine a quel che ora siamo<\/em>\u201d, ha ricordato <strong>Stefano Golinelli<\/strong>, presidente di Alfasigma, aggiungendo: \u201c<em>Oggi quindi non facciamo altro che suggellare questa nostra innata caratteristica, rendicontandola e misurandola non tanto per dare \u2018peso\u2019 e \u2018corpo\u2019 al valore delle nostre azioni, quanto per essere consapevoli di ci\u00f2 che \u00e8 stato fatto e impegnarsi sempre di pi\u00f9 per migliorare la vita delle persone, dentro e fuori l\u2019azienda<\/em>\u201d.<\/p>\n<figure id=\"attachment_2729\" aria-describedby=\"caption-attachment-2729\" style=\"width: 350px\" class=\"wp-caption alignright\"><img decoding=\"async\" class=\" wp-image-2729\" src=\"https:\/\/ch.alfasigma.com\/wp-content\/uploads\/2020\/10\/DSC_9611-min-300x200.jpg\" alt=\"\" width=\"350\" height=\"233\" srcset=\"https:\/\/ch.alfasigma.com\/wp-content\/uploads\/2020\/10\/DSC_9611-min-300x200.jpg 300w, https:\/\/ch.alfasigma.com\/wp-content\/uploads\/2020\/10\/DSC_9611-min-1024x683.jpg 1024w, https:\/\/ch.alfasigma.com\/wp-content\/uploads\/2020\/10\/DSC_9611-min-768x512.jpg 768w, https:\/\/ch.alfasigma.com\/wp-content\/uploads\/2020\/10\/DSC_9611-min-1536x1024.jpg 1536w, https:\/\/ch.alfasigma.com\/wp-content\/uploads\/2020\/10\/DSC_9611-min-2048x1365.jpg 2048w\" sizes=\"(max-width: 350px) 100vw, 350px\" \/><figcaption id=\"caption-attachment-2729\" class=\"wp-caption-text\">Pier Vincenzo Colli<\/figcaption><\/figure>\n<p>\u201c<em>Un\u2019impresa responsabile crea valore non solo per se stessa ma per tutti gli stakeholder, inclusi dipendenti e comunit\u00e0 locali, con una particolare attenzione all\u2019 ambiente. Scegliere di misurarsi ogni anno con un Rapporto dedicato significa compiere un passo importante per affermare la centralit\u00e0 e il valore strategico della sostenibilit\u00e0 e porla come punto di riferimento essenziale per disegnare il business del futuro<\/em>\u201d ha dichiarato <strong>Pier Vincenzo Colli<\/strong>, amministratore delegato di Alfasigma. \u201c<em>La pandemia di Covid-19 ci ha posto di fronte a sfide impreviste cui abbiamo risposto con coraggio, mettendo in campo iniziative importanti che intendiamo portare avanti con ancora pi\u00f9 attenzione per le comunit\u00e0 in cui operiamo e per gli impianti che abbiamo nel nostro Paese<\/em>\u201d.<\/p>\n<p>Sei gli <strong>obiettivi di sviluppo sostenibile individuati<\/strong>: assicurare la salute e il benessere per tutti e per tutte le et\u00e0 (Goal 3 dell\u2019Agenda per lo sviluppo sostenibile 2030); fornire un\u2019educazione di qualit\u00e0, equa ed inclusiva e opportunit\u00e0 di apprendimento per tutti (Goal 4); incentivare una crescita economica, duratura, inclusiva e sostenibile, un\u2019occupazione piena e produttiva e un lavoro dignitoso (Goal 8); costruire una infrastruttura resiliente e promuovere l\u2019innovazione e una industrializzazione equa, responsabile e sostenibile (Goal 9); adottare misure urgenti per combattere i cambiamenti climatici e le sue conseguenze (Goal 13) e rafforzare i mezzi di attuazione e rinnovare il partenariato mondiale per lo sviluppo sostenibile (Goal 17).<\/p>\n<p>E il lavoro per raggiungere questi traguardi \u00e8 gi\u00e0 partito. L\u2019approccio di ricerca e sviluppo in Alfasigma \u00e8 fortemente orientato all\u2019innovazione come dimostra il piano di investimenti in tecnologie di circa sessanta milioni di euro tra il 2019 e il 2023 che interessa tutti i plant aziendali. Relativamente all\u2019adozione di misure urgenti per combattere i cambiamenti climatici, nel biennio 2018-2019 Alfasigma ha avviato una estesa azione di diagnosi ambientali ed energetiche tanto nelle sedi quanto negli stabilimenti per mettere in campo un piano d\u2019azione specifico che consenta di recuperare efficienza.<\/p>\n","protected":false},"excerpt":{"rendered":"<p>Presentato ieri a Bologna il Rapporto di Sostenibilit\u00e0 2019 di Alfasigma insieme a stakeholder, istituzioni e top management<\/p>\n","protected":false},"author":8,"featured_media":2696,"comment_status":"closed","ping_status":"closed","sticky":false,"template":"","format":"standard","meta":{"_acf_changed":false,"footnotes":""},"categories":[4],"tags":[],"class_list":["post-2725","post","type-post","status-publish","format-standard","has-post-thumbnail","hentry","category-responsabilita"],"acf":[],"yoast_head":"<!-- This site is optimized with the Yoast SEO plugin v27.3 - https:\/\/yoast.com\/product\/yoast-seo-wordpress\/ -->\n<title>Alfasigma Schweiz - Online il primo Report di Sostenibilit\u00e0 dell\u2019azienda<\/title>\n<meta name=\"description\" content=\"Presentato ieri a Bologna il Rapporto di Sostenibilit\u00e0 2019 di Alfasigma insieme a stakeholder, istituzioni e top management\" \/>\n<meta name=\"robots\" content=\"index,follow\" \/>\n<link rel=\"canonical\" href=\"https:\/\/ch.alfasigma.com\/it\/responsabilita\/online-il-primo-report-di-sostenibilita-dellazienda\/\" \/>\n<meta property=\"og:locale\" content=\"it_IT\" \/>\n<meta property=\"og:type\" content=\"article\" \/>\n<meta property=\"og:title\" content=\"Alfasigma Schweiz - Online il primo Report di Sostenibilit\u00e0 dell\u2019azienda\" \/>\n<meta property=\"og:description\" content=\"Presentato ieri a Bologna il Rapporto di Sostenibilit\u00e0 2019 di Alfasigma insieme a stakeholder, istituzioni e top management\" \/>\n<meta property=\"og:url\" content=\"https:\/\/ch.alfasigma.com\/it\/responsabilita\/online-il-primo-report-di-sostenibilita-dellazienda\/\" \/>\n<meta property=\"og:site_name\" content=\"Alfasigma Schweiz\" \/>\n<meta property=\"article:published_time\" content=\"2020-10-13T09:06:59+00:00\" \/>\n<meta property=\"article:modified_time\" content=\"2021-11-11T10:00:08+00:00\" \/>\n<meta property=\"og:image\" content=\"https:\/\/ch.alfasigma.com\/wp-content\/uploads\/2020\/09\/csr-on-the-road.png\" \/>\n\t<meta property=\"og:image:width\" content=\"909\" \/>\n\t<meta property=\"og:image:height\" content=\"578\" \/>\n\t<meta property=\"og:image:type\" content=\"image\/png\" \/>\n<meta name=\"author\" content=\"Giulia\" \/>\n<meta name=\"twitter:card\" content=\"summary_large_image\" \/>\n<meta name=\"twitter:label1\" content=\"Written by\" \/>\n\t<meta name=\"twitter:data1\" content=\"Giulia\" \/>\n\t<meta name=\"twitter:label2\" content=\"Est. reading time\" \/>\n\t<meta name=\"twitter:data2\" content=\"3 minutes\" \/>\n<script type=\"application\/ld+json\" class=\"yoast-schema-graph\">{\"@context\":\"https:\\\/\\\/schema.org\",\"@graph\":[{\"@type\":\"Article\",\"@id\":\"https:\\\/\\\/ch.alfasigma.com\\\/it\\\/responsabilita\\\/online-il-primo-report-di-sostenibilita-dellazienda\\\/#article\",\"isPartOf\":{\"@id\":\"https:\\\/\\\/ch.alfasigma.com\\\/it\\\/responsabilita\\\/online-il-primo-report-di-sostenibilita-dellazienda\\\/\"},\"author\":{\"name\":\"Giulia\",\"@id\":\"https:\\\/\\\/ch.alfasigma.com\\\/it\\\/#\\\/schema\\\/person\\\/bc9893f0d18bb6b855cc099168d086a0\"},\"headline\":\"Online il primo Report di Sostenibilit\u00e0 dell\u2019azienda\",\"datePublished\":\"2020-10-13T09:06:59+00:00\",\"dateModified\":\"2021-11-11T10:00:08+00:00\",\"mainEntityOfPage\":{\"@id\":\"https:\\\/\\\/ch.alfasigma.com\\\/it\\\/responsabilita\\\/online-il-primo-report-di-sostenibilita-dellazienda\\\/\"},\"wordCount\":599,\"image\":{\"@id\":\"https:\\\/\\\/ch.alfasigma.com\\\/it\\\/responsabilita\\\/online-il-primo-report-di-sostenibilita-dellazienda\\\/#primaryimage\"},\"thumbnailUrl\":\"https:\\\/\\\/ch.alfasigma.com\\\/wp-content\\\/uploads\\\/2020\\\/09\\\/csr-on-the-road.png\",\"articleSection\":[\"Responsabilit\u00e0\"],\"inLanguage\":\"it-CH\"},{\"@type\":\"WebPage\",\"@id\":\"https:\\\/\\\/ch.alfasigma.com\\\/it\\\/responsabilita\\\/online-il-primo-report-di-sostenibilita-dellazienda\\\/\",\"url\":\"https:\\\/\\\/ch.alfasigma.com\\\/it\\\/responsabilita\\\/online-il-primo-report-di-sostenibilita-dellazienda\\\/\",\"name\":\"Alfasigma Schweiz - Online il primo Report di Sostenibilit\u00e0 dell\u2019azienda\",\"isPartOf\":{\"@id\":\"https:\\\/\\\/ch.alfasigma.com\\\/it\\\/#website\"},\"primaryImageOfPage\":{\"@id\":\"https:\\\/\\\/ch.alfasigma.com\\\/it\\\/responsabilita\\\/online-il-primo-report-di-sostenibilita-dellazienda\\\/#primaryimage\"},\"image\":{\"@id\":\"https:\\\/\\\/ch.alfasigma.com\\\/it\\\/responsabilita\\\/online-il-primo-report-di-sostenibilita-dellazienda\\\/#primaryimage\"},\"thumbnailUrl\":\"https:\\\/\\\/ch.alfasigma.com\\\/wp-content\\\/uploads\\\/2020\\\/09\\\/csr-on-the-road.png\",\"datePublished\":\"2020-10-13T09:06:59+00:00\",\"dateModified\":\"2021-11-11T10:00:08+00:00\",\"author\":{\"@id\":\"https:\\\/\\\/ch.alfasigma.com\\\/it\\\/#\\\/schema\\\/person\\\/bc9893f0d18bb6b855cc099168d086a0\"},\"description\":\"Presentato ieri a Bologna il Rapporto di Sostenibilit\u00e0 2019 di Alfasigma insieme a stakeholder, istituzioni e top management\",\"breadcrumb\":{\"@id\":\"https:\\\/\\\/ch.alfasigma.com\\\/it\\\/responsabilita\\\/online-il-primo-report-di-sostenibilita-dellazienda\\\/#breadcrumb\"},\"inLanguage\":\"it-CH\",\"potentialAction\":[{\"@type\":\"ReadAction\",\"target\":[\"https:\\\/\\\/ch.alfasigma.com\\\/it\\\/responsabilita\\\/online-il-primo-report-di-sostenibilita-dellazienda\\\/\"]}]},{\"@type\":\"ImageObject\",\"inLanguage\":\"it-CH\",\"@id\":\"https:\\\/\\\/ch.alfasigma.com\\\/it\\\/responsabilita\\\/online-il-primo-report-di-sostenibilita-dellazienda\\\/#primaryimage\",\"url\":\"https:\\\/\\\/ch.alfasigma.com\\\/wp-content\\\/uploads\\\/2020\\\/09\\\/csr-on-the-road.png\",\"contentUrl\":\"https:\\\/\\\/ch.alfasigma.com\\\/wp-content\\\/uploads\\\/2020\\\/09\\\/csr-on-the-road.png\",\"width\":909,\"height\":578},{\"@type\":\"BreadcrumbList\",\"@id\":\"https:\\\/\\\/ch.alfasigma.com\\\/it\\\/responsabilita\\\/online-il-primo-report-di-sostenibilita-dellazienda\\\/#breadcrumb\",\"itemListElement\":[{\"@type\":\"ListItem\",\"position\":1,\"name\":\"Home\",\"item\":\"https:\\\/\\\/ch.alfasigma.com\\\/it\\\/\"},{\"@type\":\"ListItem\",\"position\":2,\"name\":\"Responsabilit\u00e0\",\"item\":\"https:\\\/\\\/ch.alfasigma.com\\\/it\\\/category\\\/responsabilita\\\/\"},{\"@type\":\"ListItem\",\"position\":3,\"name\":\"Online il primo Report di Sostenibilit\u00e0 dell\u2019azienda\"}]},{\"@type\":\"WebSite\",\"@id\":\"https:\\\/\\\/ch.alfasigma.com\\\/it\\\/#website\",\"url\":\"https:\\\/\\\/ch.alfasigma.com\\\/it\\\/\",\"name\":\"Alfasigma Schweiz\",\"description\":\"Pharmaceuticals with passion\",\"potentialAction\":[{\"@type\":\"SearchAction\",\"target\":{\"@type\":\"EntryPoint\",\"urlTemplate\":\"https:\\\/\\\/ch.alfasigma.com\\\/it\\\/?s={search_term_string}\"},\"query-input\":{\"@type\":\"PropertyValueSpecification\",\"valueRequired\":true,\"valueName\":\"search_term_string\"}}],\"inLanguage\":\"it-CH\"},{\"@type\":\"Person\",\"@id\":\"https:\\\/\\\/ch.alfasigma.com\\\/it\\\/#\\\/schema\\\/person\\\/bc9893f0d18bb6b855cc099168d086a0\",\"name\":\"Giulia\",\"image\":{\"@type\":\"ImageObject\",\"inLanguage\":\"it-CH\",\"@id\":\"https:\\\/\\\/secure.gravatar.com\\\/avatar\\\/47434a492dfd400f06c144f31b793ad4739024d99dfcd246156e33146cef54f8?s=96&d=mm&r=g\",\"url\":\"https:\\\/\\\/secure.gravatar.com\\\/avatar\\\/47434a492dfd400f06c144f31b793ad4739024d99dfcd246156e33146cef54f8?s=96&d=mm&r=g\",\"contentUrl\":\"https:\\\/\\\/secure.gravatar.com\\\/avatar\\\/47434a492dfd400f06c144f31b793ad4739024d99dfcd246156e33146cef54f8?s=96&d=mm&r=g\",\"caption\":\"Giulia\"}}]}<\/script>\n<!-- \/ Yoast SEO plugin. -->","yoast_head_json":{"title":"Alfasigma Schweiz - Online il primo Report di Sostenibilit\u00e0 dell\u2019azienda","description":"Presentato ieri a Bologna il Rapporto di Sostenibilit\u00e0 2019 di Alfasigma insieme a stakeholder, istituzioni e top management","robots":{"index,follow":"index,follow"},"canonical":"https:\/\/ch.alfasigma.com\/it\/responsabilita\/online-il-primo-report-di-sostenibilita-dellazienda\/","og_locale":"it_IT","og_type":"article","og_title":"Alfasigma Schweiz - Online il primo Report di Sostenibilit\u00e0 dell\u2019azienda","og_description":"Presentato ieri a Bologna il Rapporto di Sostenibilit\u00e0 2019 di Alfasigma insieme a stakeholder, istituzioni e top management","og_url":"https:\/\/ch.alfasigma.com\/it\/responsabilita\/online-il-primo-report-di-sostenibilita-dellazienda\/","og_site_name":"Alfasigma Schweiz","article_published_time":"2020-10-13T09:06:59+00:00","article_modified_time":"2021-11-11T10:00:08+00:00","og_image":[{"width":909,"height":578,"url":"https:\/\/ch.alfasigma.com\/wp-content\/uploads\/2020\/09\/csr-on-the-road.png","type":"image\/png"}],"author":"Giulia","twitter_card":"summary_large_image","twitter_misc":{"Written by":"Giulia","Est. reading time":"3 minutes"},"schema":{"@context":"https:\/\/schema.org","@graph":[{"@type":"Article","@id":"https:\/\/ch.alfasigma.com\/it\/responsabilita\/online-il-primo-report-di-sostenibilita-dellazienda\/#article","isPartOf":{"@id":"https:\/\/ch.alfasigma.com\/it\/responsabilita\/online-il-primo-report-di-sostenibilita-dellazienda\/"},"author":{"name":"Giulia","@id":"https:\/\/ch.alfasigma.com\/it\/#\/schema\/person\/bc9893f0d18bb6b855cc099168d086a0"},"headline":"Online il primo Report di Sostenibilit\u00e0 dell\u2019azienda","datePublished":"2020-10-13T09:06:59+00:00","dateModified":"2021-11-11T10:00:08+00:00","mainEntityOfPage":{"@id":"https:\/\/ch.alfasigma.com\/it\/responsabilita\/online-il-primo-report-di-sostenibilita-dellazienda\/"},"wordCount":599,"image":{"@id":"https:\/\/ch.alfasigma.com\/it\/responsabilita\/online-il-primo-report-di-sostenibilita-dellazienda\/#primaryimage"},"thumbnailUrl":"https:\/\/ch.alfasigma.com\/wp-content\/uploads\/2020\/09\/csr-on-the-road.png","articleSection":["Responsabilit\u00e0"],"inLanguage":"it-CH"},{"@type":"WebPage","@id":"https:\/\/ch.alfasigma.com\/it\/responsabilita\/online-il-primo-report-di-sostenibilita-dellazienda\/","url":"https:\/\/ch.alfasigma.com\/it\/responsabilita\/online-il-primo-report-di-sostenibilita-dellazienda\/","name":"Alfasigma Schweiz - Online il primo Report di Sostenibilit\u00e0 dell\u2019azienda","isPartOf":{"@id":"https:\/\/ch.alfasigma.com\/it\/#website"},"primaryImageOfPage":{"@id":"https:\/\/ch.alfasigma.com\/it\/responsabilita\/online-il-primo-report-di-sostenibilita-dellazienda\/#primaryimage"},"image":{"@id":"https:\/\/ch.alfasigma.com\/it\/responsabilita\/online-il-primo-report-di-sostenibilita-dellazienda\/#primaryimage"},"thumbnailUrl":"https:\/\/ch.alfasigma.com\/wp-content\/uploads\/2020\/09\/csr-on-the-road.png","datePublished":"2020-10-13T09:06:59+00:00","dateModified":"2021-11-11T10:00:08+00:00","author":{"@id":"https:\/\/ch.alfasigma.com\/it\/#\/schema\/person\/bc9893f0d18bb6b855cc099168d086a0"},"description":"Presentato ieri a Bologna il Rapporto di Sostenibilit\u00e0 2019 di Alfasigma insieme a stakeholder, istituzioni e top management","breadcrumb":{"@id":"https:\/\/ch.alfasigma.com\/it\/responsabilita\/online-il-primo-report-di-sostenibilita-dellazienda\/#breadcrumb"},"inLanguage":"it-CH","potentialAction":[{"@type":"ReadAction","target":["https:\/\/ch.alfasigma.com\/it\/responsabilita\/online-il-primo-report-di-sostenibilita-dellazienda\/"]}]},{"@type":"ImageObject","inLanguage":"it-CH","@id":"https:\/\/ch.alfasigma.com\/it\/responsabilita\/online-il-primo-report-di-sostenibilita-dellazienda\/#primaryimage","url":"https:\/\/ch.alfasigma.com\/wp-content\/uploads\/2020\/09\/csr-on-the-road.png","contentUrl":"https:\/\/ch.alfasigma.com\/wp-content\/uploads\/2020\/09\/csr-on-the-road.png","width":909,"height":578},{"@type":"BreadcrumbList","@id":"https:\/\/ch.alfasigma.com\/it\/responsabilita\/online-il-primo-report-di-sostenibilita-dellazienda\/#breadcrumb","itemListElement":[{"@type":"ListItem","position":1,"name":"Home","item":"https:\/\/ch.alfasigma.com\/it\/"},{"@type":"ListItem","position":2,"name":"Responsabilit\u00e0","item":"https:\/\/ch.alfasigma.com\/it\/category\/responsabilita\/"},{"@type":"ListItem","position":3,"name":"Online il primo Report di Sostenibilit\u00e0 dell\u2019azienda"}]},{"@type":"WebSite","@id":"https:\/\/ch.alfasigma.com\/it\/#website","url":"https:\/\/ch.alfasigma.com\/it\/","name":"Alfasigma Schweiz","description":"Pharmaceuticals with passion","potentialAction":[{"@type":"SearchAction","target":{"@type":"EntryPoint","urlTemplate":"https:\/\/ch.alfasigma.com\/it\/?s={search_term_string}"},"query-input":{"@type":"PropertyValueSpecification","valueRequired":true,"valueName":"search_term_string"}}],"inLanguage":"it-CH"},{"@type":"Person","@id":"https:\/\/ch.alfasigma.com\/it\/#\/schema\/person\/bc9893f0d18bb6b855cc099168d086a0","name":"Giulia","image":{"@type":"ImageObject","inLanguage":"it-CH","@id":"https:\/\/secure.gravatar.com\/avatar\/47434a492dfd400f06c144f31b793ad4739024d99dfcd246156e33146cef54f8?s=96&d=mm&r=g","url":"https:\/\/secure.gravatar.com\/avatar\/47434a492dfd400f06c144f31b793ad4739024d99dfcd246156e33146cef54f8?s=96&d=mm&r=g","contentUrl":"https:\/\/secure.gravatar.com\/avatar\/47434a492dfd400f06c144f31b793ad4739024d99dfcd246156e33146cef54f8?s=96&d=mm&r=g","caption":"Giulia"}}]}},"_links":{"self":[{"href":"https:\/\/ch.alfasigma.com\/it\/wp-json\/wp\/v2\/posts\/2725","targetHints":{"allow":["GET"]}}],"collection":[{"href":"https:\/\/ch.alfasigma.com\/it\/wp-json\/wp\/v2\/posts"}],"about":[{"href":"https:\/\/ch.alfasigma.com\/it\/wp-json\/wp\/v2\/types\/post"}],"author":[{"embeddable":true,"href":"https:\/\/ch.alfasigma.com\/it\/wp-json\/wp\/v2\/users\/8"}],"replies":[{"embeddable":true,"href":"https:\/\/ch.alfasigma.com\/it\/wp-json\/wp\/v2\/comments?post=2725"}],"version-history":[{"count":0,"href":"https:\/\/ch.alfasigma.com\/it\/wp-json\/wp\/v2\/posts\/2725\/revisions"}],"wp:featuredmedia":[{"embeddable":true,"href":"https:\/\/ch.alfasigma.com\/it\/wp-json\/wp\/v2\/media\/2696"}],"wp:attachment":[{"href":"https:\/\/ch.alfasigma.com\/it\/wp-json\/wp\/v2\/media?parent=2725"}],"wp:term":[{"taxonomy":"category","embeddable":true,"href":"https:\/\/ch.alfasigma.com\/it\/wp-json\/wp\/v2\/categories?post=2725"},{"taxonomy":"post_tag","embeddable":true,"href":"https:\/\/ch.alfasigma.com\/it\/wp-json\/wp\/v2\/tags?post=2725"}],"curies":[{"name":"wp","href":"https:\/\/api.w.org\/{rel}","templated":true}]}}