{"id":3005,"date":"2021-02-11T08:41:46","date_gmt":"2021-02-11T08:41:46","guid":{"rendered":"https:\/\/ch.alfasigma.com\/?p=3005"},"modified":"2021-02-11T10:16:39","modified_gmt":"2021-02-11T10:16:39","slug":"al-via-rhemotewind-levento-nazionale-della-reumatologia-italiana","status":"publish","type":"post","link":"https:\/\/ch.alfasigma.com\/it\/aree-terapeutiche\/al-via-rhemotewind-levento-nazionale-della-reumatologia-italiana\/","title":{"rendered":"Al via Rhemotewind, l\u2019evento nazionale della Reumatologia Italiana"},"content":{"rendered":"<p>Oggi e domani si<strong> svolger\u00e0 Rhemotewind<\/strong> (<a href=\"http:\/\/www.rhemotewind2021.it\" data-cke-saved-href=\"http:\/\/www.rhemotewind2021.it\">www.rhemotewind2021.it<\/a>), l'edizione in modalit\u00e0 remota di <strong>uno tra gli appuntamenti pi\u00f9 attesi dai reumatologi italiani<\/strong>, per il quale Alfasigma, che collabora da diversi anni con la reumatologia italiana, ha promosso la sua sponsorship non condizionante.<\/p>\n<p>Nell\u2019arco delle due giornate verranno discusse le\u00a0<strong>pi\u00f9 significative\u00a0 novit\u00e0 emerse nell\u2019anno appena trascorso<\/strong> in merito alle principali patologie di interesse reumatologico, con un particolare <strong>focus sulle tematiche di maggiore attualit\u00e0 legate alla pandemia da COVID-19<\/strong>.<\/p>\n<p>Tra le tematiche trattate si approfondir\u00e0 il tema della telemedicina ed il suo ruolo sempre pi\u00f9 determinante nella gestione dei pazienti con malattie reumatiche, si parler\u00e0 di sindrome fibromialgica, di Lupus Eritematoso Sistemico, di vasculiti, artrite reumatoide e tanto altro. \u200b\u200b\u200b\u200b\u200b\u200b\u200b<\/p>\n<p><iframe title=\"Rhemotewind 2021\" width=\"500\" height=\"281\" src=\"https:\/\/www.youtube.com\/embed\/DCZBii4CRpE?feature=oembed\" frameborder=\"0\" allow=\"accelerometer; autoplay; clipboard-write; encrypted-media; gyroscope; picture-in-picture; web-share\" referrerpolicy=\"strict-origin-when-cross-origin\" allowfullscreen><\/iframe><\/p>\n","protected":false},"excerpt":{"rendered":"<p>Oggi inizia Rhemotewind, l'edizione in modalit\u00e0 remota di uno tra gli appuntamenti pi\u00f9 attesi dai reumatologi italiani, per il quale Alfasigma, che collabora da diversi anni con la reumatologia italiana, ha promosso la sua sponsorship non condizionante.<\/p>\n","protected":false},"author":4,"featured_media":3008,"comment_status":"closed","ping_status":"closed","sticky":false,"template":"","format":"standard","meta":{"_acf_changed":false,"footnotes":""},"categories":[13],"tags":[],"class_list":["post-3005","post","type-post","status-publish","format-standard","has-post-thumbnail","hentry","category-aree-terapeutiche"],"acf":[],"yoast_head":"<!-- This site is optimized with the Yoast SEO plugin v27.3 - https:\/\/yoast.com\/product\/yoast-seo-wordpress\/ -->\n<title>Alfasigma Schweiz - Al via Rhemotewind, l\u2019evento nazionale della Reumatologia Italiana<\/title>\n<meta name=\"robots\" content=\"index,follow\" \/>\n<link rel=\"canonical\" href=\"https:\/\/ch.alfasigma.com\/it\/aree-terapeutiche\/al-via-rhemotewind-levento-nazionale-della-reumatologia-italiana\/\" \/>\n<meta property=\"og:locale\" content=\"it_IT\" \/>\n<meta property=\"og:type\" content=\"article\" \/>\n<meta property=\"og:title\" content=\"Alfasigma Schweiz - Al via Rhemotewind, l\u2019evento nazionale della Reumatologia Italiana\" \/>\n<meta property=\"og:description\" content=\"Oggi inizia Rhemotewind, l&#039;edizione in modalit\u00e0 remota di uno tra gli appuntamenti pi\u00f9 attesi dai reumatologi italiani, per il quale Alfasigma, che collabora da diversi anni con la reumatologia italiana, ha promosso la sua sponsorship non condizionante.\" \/>\n<meta property=\"og:url\" content=\"https:\/\/ch.alfasigma.com\/it\/aree-terapeutiche\/al-via-rhemotewind-levento-nazionale-della-reumatologia-italiana\/\" \/>\n<meta property=\"og:site_name\" content=\"Alfasigma Schweiz\" \/>\n<meta property=\"article:published_time\" content=\"2021-02-11T08:41:46+00:00\" \/>\n<meta property=\"article:modified_time\" content=\"2021-02-11T10:16:39+00:00\" \/>\n<meta property=\"og:image\" content=\"https:\/\/ch.alfasigma.com\/wp-content\/uploads\/2021\/02\/rw-2.png\" \/>\n\t<meta property=\"og:image:width\" content=\"560\" \/>\n\t<meta property=\"og:image:height\" content=\"359\" \/>\n\t<meta property=\"og:image:type\" content=\"image\/png\" \/>\n<meta name=\"author\" content=\"Corporate Communication\" \/>\n<meta name=\"twitter:card\" content=\"summary_large_image\" \/>\n<meta name=\"twitter:label1\" content=\"Written by\" \/>\n\t<meta name=\"twitter:data1\" content=\"Corporate Communication\" \/>\n\t<meta name=\"twitter:label2\" content=\"Est. reading time\" \/>\n\t<meta name=\"twitter:data2\" content=\"1 minute\" \/>\n<script type=\"application\/ld+json\" class=\"yoast-schema-graph\">{\"@context\":\"https:\\\/\\\/schema.org\",\"@graph\":[{\"@type\":\"Article\",\"@id\":\"https:\\\/\\\/ch.alfasigma.com\\\/it\\\/aree-terapeutiche\\\/al-via-rhemotewind-levento-nazionale-della-reumatologia-italiana\\\/#article\",\"isPartOf\":{\"@id\":\"https:\\\/\\\/ch.alfasigma.com\\\/it\\\/aree-terapeutiche\\\/al-via-rhemotewind-levento-nazionale-della-reumatologia-italiana\\\/\"},\"author\":{\"name\":\"Corporate Communication\",\"@id\":\"https:\\\/\\\/ch.alfasigma.com\\\/it\\\/#\\\/schema\\\/person\\\/5bd603220a50472960f5d5765affa861\"},\"headline\":\"Al via Rhemotewind, l\u2019evento nazionale della Reumatologia Italiana\",\"datePublished\":\"2021-02-11T08:41:46+00:00\",\"dateModified\":\"2021-02-11T10:16:39+00:00\",\"mainEntityOfPage\":{\"@id\":\"https:\\\/\\\/ch.alfasigma.com\\\/it\\\/aree-terapeutiche\\\/al-via-rhemotewind-levento-nazionale-della-reumatologia-italiana\\\/\"},\"wordCount\":138,\"image\":{\"@id\":\"https:\\\/\\\/ch.alfasigma.com\\\/it\\\/aree-terapeutiche\\\/al-via-rhemotewind-levento-nazionale-della-reumatologia-italiana\\\/#primaryimage\"},\"thumbnailUrl\":\"https:\\\/\\\/ch.alfasigma.com\\\/wp-content\\\/uploads\\\/2021\\\/02\\\/rw-2.png\",\"articleSection\":[\"Aree terapeutiche\"],\"inLanguage\":\"it-CH\"},{\"@type\":\"WebPage\",\"@id\":\"https:\\\/\\\/ch.alfasigma.com\\\/it\\\/aree-terapeutiche\\\/al-via-rhemotewind-levento-nazionale-della-reumatologia-italiana\\\/\",\"url\":\"https:\\\/\\\/ch.alfasigma.com\\\/it\\\/aree-terapeutiche\\\/al-via-rhemotewind-levento-nazionale-della-reumatologia-italiana\\\/\",\"name\":\"Alfasigma Schweiz - Al via Rhemotewind, l\u2019evento nazionale della Reumatologia Italiana\",\"isPartOf\":{\"@id\":\"https:\\\/\\\/ch.alfasigma.com\\\/it\\\/#website\"},\"primaryImageOfPage\":{\"@id\":\"https:\\\/\\\/ch.alfasigma.com\\\/it\\\/aree-terapeutiche\\\/al-via-rhemotewind-levento-nazionale-della-reumatologia-italiana\\\/#primaryimage\"},\"image\":{\"@id\":\"https:\\\/\\\/ch.alfasigma.com\\\/it\\\/aree-terapeutiche\\\/al-via-rhemotewind-levento-nazionale-della-reumatologia-italiana\\\/#primaryimage\"},\"thumbnailUrl\":\"https:\\\/\\\/ch.alfasigma.com\\\/wp-content\\\/uploads\\\/2021\\\/02\\\/rw-2.png\",\"datePublished\":\"2021-02-11T08:41:46+00:00\",\"dateModified\":\"2021-02-11T10:16:39+00:00\",\"author\":{\"@id\":\"https:\\\/\\\/ch.alfasigma.com\\\/it\\\/#\\\/schema\\\/person\\\/5bd603220a50472960f5d5765affa861\"},\"breadcrumb\":{\"@id\":\"https:\\\/\\\/ch.alfasigma.com\\\/it\\\/aree-terapeutiche\\\/al-via-rhemotewind-levento-nazionale-della-reumatologia-italiana\\\/#breadcrumb\"},\"inLanguage\":\"it-CH\",\"potentialAction\":[{\"@type\":\"ReadAction\",\"target\":[\"https:\\\/\\\/ch.alfasigma.com\\\/it\\\/aree-terapeutiche\\\/al-via-rhemotewind-levento-nazionale-della-reumatologia-italiana\\\/\"]}]},{\"@type\":\"ImageObject\",\"inLanguage\":\"it-CH\",\"@id\":\"https:\\\/\\\/ch.alfasigma.com\\\/it\\\/aree-terapeutiche\\\/al-via-rhemotewind-levento-nazionale-della-reumatologia-italiana\\\/#primaryimage\",\"url\":\"https:\\\/\\\/ch.alfasigma.com\\\/wp-content\\\/uploads\\\/2021\\\/02\\\/rw-2.png\",\"contentUrl\":\"https:\\\/\\\/ch.alfasigma.com\\\/wp-content\\\/uploads\\\/2021\\\/02\\\/rw-2.png\",\"width\":560,\"height\":359},{\"@type\":\"BreadcrumbList\",\"@id\":\"https:\\\/\\\/ch.alfasigma.com\\\/it\\\/aree-terapeutiche\\\/al-via-rhemotewind-levento-nazionale-della-reumatologia-italiana\\\/#breadcrumb\",\"itemListElement\":[{\"@type\":\"ListItem\",\"position\":1,\"name\":\"Home\",\"item\":\"https:\\\/\\\/ch.alfasigma.com\\\/it\\\/\"},{\"@type\":\"ListItem\",\"position\":2,\"name\":\"Aree terapeutiche\",\"item\":\"https:\\\/\\\/ch.alfasigma.com\\\/it\\\/category\\\/aree-terapeutiche\\\/\"},{\"@type\":\"ListItem\",\"position\":3,\"name\":\"Al via Rhemotewind, l\u2019evento nazionale della Reumatologia Italiana\"}]},{\"@type\":\"WebSite\",\"@id\":\"https:\\\/\\\/ch.alfasigma.com\\\/it\\\/#website\",\"url\":\"https:\\\/\\\/ch.alfasigma.com\\\/it\\\/\",\"name\":\"Alfasigma Schweiz\",\"description\":\"Pharmaceuticals with passion\",\"potentialAction\":[{\"@type\":\"SearchAction\",\"target\":{\"@type\":\"EntryPoint\",\"urlTemplate\":\"https:\\\/\\\/ch.alfasigma.com\\\/it\\\/?s={search_term_string}\"},\"query-input\":{\"@type\":\"PropertyValueSpecification\",\"valueRequired\":true,\"valueName\":\"search_term_string\"}}],\"inLanguage\":\"it-CH\"},{\"@type\":\"Person\",\"@id\":\"https:\\\/\\\/ch.alfasigma.com\\\/it\\\/#\\\/schema\\\/person\\\/5bd603220a50472960f5d5765affa861\",\"name\":\"Corporate Communication\",\"image\":{\"@type\":\"ImageObject\",\"inLanguage\":\"it-CH\",\"@id\":\"https:\\\/\\\/secure.gravatar.com\\\/avatar\\\/042fcc2107b19c7891dc8dcd8f9d5753ae55897a905b16a42e80fa25bae94303?s=96&d=mm&r=g\",\"url\":\"https:\\\/\\\/secure.gravatar.com\\\/avatar\\\/042fcc2107b19c7891dc8dcd8f9d5753ae55897a905b16a42e80fa25bae94303?s=96&d=mm&r=g\",\"contentUrl\":\"https:\\\/\\\/secure.gravatar.com\\\/avatar\\\/042fcc2107b19c7891dc8dcd8f9d5753ae55897a905b16a42e80fa25bae94303?s=96&d=mm&r=g\",\"caption\":\"Corporate Communication\"}}]}<\/script>\n<!-- \/ Yoast SEO plugin. -->","yoast_head_json":{"title":"Alfasigma Schweiz - Al via Rhemotewind, l\u2019evento nazionale della Reumatologia Italiana","robots":{"index,follow":"index,follow"},"canonical":"https:\/\/ch.alfasigma.com\/it\/aree-terapeutiche\/al-via-rhemotewind-levento-nazionale-della-reumatologia-italiana\/","og_locale":"it_IT","og_type":"article","og_title":"Alfasigma Schweiz - Al via Rhemotewind, l\u2019evento nazionale della Reumatologia Italiana","og_description":"Oggi inizia Rhemotewind, l'edizione in modalit\u00e0 remota di uno tra gli appuntamenti pi\u00f9 attesi dai reumatologi italiani, per il quale Alfasigma, che collabora da diversi anni con la reumatologia italiana, ha promosso la sua sponsorship non condizionante.","og_url":"https:\/\/ch.alfasigma.com\/it\/aree-terapeutiche\/al-via-rhemotewind-levento-nazionale-della-reumatologia-italiana\/","og_site_name":"Alfasigma Schweiz","article_published_time":"2021-02-11T08:41:46+00:00","article_modified_time":"2021-02-11T10:16:39+00:00","og_image":[{"width":560,"height":359,"url":"https:\/\/ch.alfasigma.com\/wp-content\/uploads\/2021\/02\/rw-2.png","type":"image\/png"}],"author":"Corporate Communication","twitter_card":"summary_large_image","twitter_misc":{"Written by":"Corporate Communication","Est. reading time":"1 minute"},"schema":{"@context":"https:\/\/schema.org","@graph":[{"@type":"Article","@id":"https:\/\/ch.alfasigma.com\/it\/aree-terapeutiche\/al-via-rhemotewind-levento-nazionale-della-reumatologia-italiana\/#article","isPartOf":{"@id":"https:\/\/ch.alfasigma.com\/it\/aree-terapeutiche\/al-via-rhemotewind-levento-nazionale-della-reumatologia-italiana\/"},"author":{"name":"Corporate Communication","@id":"https:\/\/ch.alfasigma.com\/it\/#\/schema\/person\/5bd603220a50472960f5d5765affa861"},"headline":"Al via Rhemotewind, l\u2019evento nazionale della Reumatologia Italiana","datePublished":"2021-02-11T08:41:46+00:00","dateModified":"2021-02-11T10:16:39+00:00","mainEntityOfPage":{"@id":"https:\/\/ch.alfasigma.com\/it\/aree-terapeutiche\/al-via-rhemotewind-levento-nazionale-della-reumatologia-italiana\/"},"wordCount":138,"image":{"@id":"https:\/\/ch.alfasigma.com\/it\/aree-terapeutiche\/al-via-rhemotewind-levento-nazionale-della-reumatologia-italiana\/#primaryimage"},"thumbnailUrl":"https:\/\/ch.alfasigma.com\/wp-content\/uploads\/2021\/02\/rw-2.png","articleSection":["Aree terapeutiche"],"inLanguage":"it-CH"},{"@type":"WebPage","@id":"https:\/\/ch.alfasigma.com\/it\/aree-terapeutiche\/al-via-rhemotewind-levento-nazionale-della-reumatologia-italiana\/","url":"https:\/\/ch.alfasigma.com\/it\/aree-terapeutiche\/al-via-rhemotewind-levento-nazionale-della-reumatologia-italiana\/","name":"Alfasigma Schweiz - Al via Rhemotewind, l\u2019evento nazionale della Reumatologia Italiana","isPartOf":{"@id":"https:\/\/ch.alfasigma.com\/it\/#website"},"primaryImageOfPage":{"@id":"https:\/\/ch.alfasigma.com\/it\/aree-terapeutiche\/al-via-rhemotewind-levento-nazionale-della-reumatologia-italiana\/#primaryimage"},"image":{"@id":"https:\/\/ch.alfasigma.com\/it\/aree-terapeutiche\/al-via-rhemotewind-levento-nazionale-della-reumatologia-italiana\/#primaryimage"},"thumbnailUrl":"https:\/\/ch.alfasigma.com\/wp-content\/uploads\/2021\/02\/rw-2.png","datePublished":"2021-02-11T08:41:46+00:00","dateModified":"2021-02-11T10:16:39+00:00","author":{"@id":"https:\/\/ch.alfasigma.com\/it\/#\/schema\/person\/5bd603220a50472960f5d5765affa861"},"breadcrumb":{"@id":"https:\/\/ch.alfasigma.com\/it\/aree-terapeutiche\/al-via-rhemotewind-levento-nazionale-della-reumatologia-italiana\/#breadcrumb"},"inLanguage":"it-CH","potentialAction":[{"@type":"ReadAction","target":["https:\/\/ch.alfasigma.com\/it\/aree-terapeutiche\/al-via-rhemotewind-levento-nazionale-della-reumatologia-italiana\/"]}]},{"@type":"ImageObject","inLanguage":"it-CH","@id":"https:\/\/ch.alfasigma.com\/it\/aree-terapeutiche\/al-via-rhemotewind-levento-nazionale-della-reumatologia-italiana\/#primaryimage","url":"https:\/\/ch.alfasigma.com\/wp-content\/uploads\/2021\/02\/rw-2.png","contentUrl":"https:\/\/ch.alfasigma.com\/wp-content\/uploads\/2021\/02\/rw-2.png","width":560,"height":359},{"@type":"BreadcrumbList","@id":"https:\/\/ch.alfasigma.com\/it\/aree-terapeutiche\/al-via-rhemotewind-levento-nazionale-della-reumatologia-italiana\/#breadcrumb","itemListElement":[{"@type":"ListItem","position":1,"name":"Home","item":"https:\/\/ch.alfasigma.com\/it\/"},{"@type":"ListItem","position":2,"name":"Aree terapeutiche","item":"https:\/\/ch.alfasigma.com\/it\/category\/aree-terapeutiche\/"},{"@type":"ListItem","position":3,"name":"Al via Rhemotewind, l\u2019evento nazionale della Reumatologia Italiana"}]},{"@type":"WebSite","@id":"https:\/\/ch.alfasigma.com\/it\/#website","url":"https:\/\/ch.alfasigma.com\/it\/","name":"Alfasigma Schweiz","description":"Pharmaceuticals with passion","potentialAction":[{"@type":"SearchAction","target":{"@type":"EntryPoint","urlTemplate":"https:\/\/ch.alfasigma.com\/it\/?s={search_term_string}"},"query-input":{"@type":"PropertyValueSpecification","valueRequired":true,"valueName":"search_term_string"}}],"inLanguage":"it-CH"},{"@type":"Person","@id":"https:\/\/ch.alfasigma.com\/it\/#\/schema\/person\/5bd603220a50472960f5d5765affa861","name":"Corporate Communication","image":{"@type":"ImageObject","inLanguage":"it-CH","@id":"https:\/\/secure.gravatar.com\/avatar\/042fcc2107b19c7891dc8dcd8f9d5753ae55897a905b16a42e80fa25bae94303?s=96&d=mm&r=g","url":"https:\/\/secure.gravatar.com\/avatar\/042fcc2107b19c7891dc8dcd8f9d5753ae55897a905b16a42e80fa25bae94303?s=96&d=mm&r=g","contentUrl":"https:\/\/secure.gravatar.com\/avatar\/042fcc2107b19c7891dc8dcd8f9d5753ae55897a905b16a42e80fa25bae94303?s=96&d=mm&r=g","caption":"Corporate Communication"}}]}},"_links":{"self":[{"href":"https:\/\/ch.alfasigma.com\/it\/wp-json\/wp\/v2\/posts\/3005","targetHints":{"allow":["GET"]}}],"collection":[{"href":"https:\/\/ch.alfasigma.com\/it\/wp-json\/wp\/v2\/posts"}],"about":[{"href":"https:\/\/ch.alfasigma.com\/it\/wp-json\/wp\/v2\/types\/post"}],"author":[{"embeddable":true,"href":"https:\/\/ch.alfasigma.com\/it\/wp-json\/wp\/v2\/users\/4"}],"replies":[{"embeddable":true,"href":"https:\/\/ch.alfasigma.com\/it\/wp-json\/wp\/v2\/comments?post=3005"}],"version-history":[{"count":0,"href":"https:\/\/ch.alfasigma.com\/it\/wp-json\/wp\/v2\/posts\/3005\/revisions"}],"wp:featuredmedia":[{"embeddable":true,"href":"https:\/\/ch.alfasigma.com\/it\/wp-json\/wp\/v2\/media\/3008"}],"wp:attachment":[{"href":"https:\/\/ch.alfasigma.com\/it\/wp-json\/wp\/v2\/media?parent=3005"}],"wp:term":[{"taxonomy":"category","embeddable":true,"href":"https:\/\/ch.alfasigma.com\/it\/wp-json\/wp\/v2\/categories?post=3005"},{"taxonomy":"post_tag","embeddable":true,"href":"https:\/\/ch.alfasigma.com\/it\/wp-json\/wp\/v2\/tags?post=3005"}],"curies":[{"name":"wp","href":"https:\/\/api.w.org\/{rel}","templated":true}]}}