{"id":3054,"date":"2021-02-24T09:37:49","date_gmt":"2021-02-24T09:37:49","guid":{"rendered":"https:\/\/ch.alfasigma.com\/?p=3054"},"modified":"2021-02-24T09:40:06","modified_gmt":"2021-02-24T09:40:06","slug":"sanitask-domani-il-secondo-live-il-manager-tra-burocrazia-autonomia-e-responsabilita","status":"publish","type":"post","link":"https:\/\/ch.alfasigma.com\/it\/corporate\/sanitask-domani-il-secondo-live-il-manager-tra-burocrazia-autonomia-e-responsabilita\/","title":{"rendered":"Sanitask, domani il secondo Live \u201cIl Manager tra burocrazia, autonomia e responsabilit\u00e0\u201d"},"content":{"rendered":"<p>Il tema di questo dibattito \u00e8 <strong>la burocrazia del Servizio Sanitario<\/strong>.<\/p>\n<p>Quotidianamente il Management della Sanit\u00e0 italiana \u00e8 impegnato ad espletare procedure burocratiche per l\u2019acquisizione o l\u2019erogazione di servizi: si tratta di un sistema atto a garantire trasparenza, equit\u00e0 e qualit\u00e0 o siamo di fronte a un ridondante e poco utile passaggio?<\/p>\n<p>A discuterne saranno <strong>Angelo Tanese<\/strong>, Direttore Generale ASL RM1 e Vicepresidente Fiaso, <strong>Franca Dall\u2019Occo<\/strong>, Direttore Generale ASL TO 3, <strong>Marcello Pani<\/strong>, Segretario Nazionale SIFO e Direttore Farmacia Policlinico Gemelli di Roma, <strong>Stefano Vianello<\/strong>, Presidente CARD Veneto e <strong>Carlo Rinaldo Tomassini<\/strong>, Direttore Generale Diritti di Cittadinanza e Coesione Sociale della Regione Toscana<\/p>\n<p>SaniTask \u00e8 un progetto di <strong>SICS (Quotidiano Sanit\u00e0)<\/strong> supportato in forma non condizionata da <strong>Alfasigma come sponsor unico<\/strong>.<\/p>\n<p>Online da circa un mese SaniTask.it \u00e8 il <a href=\"https:\/\/ch.alfasigma.com\/blog\/corporate\/nasce-sanitask-primo-hub-per-la-community-del-management-della-sanita-italiana\/\">primo Digital Multichannel HUB<\/a>, rappresenta un unicum nel panorama attuale della Sanit\u00e0 italiana e ha l\u2019obiettivo di riunire la \u201cCommunity\u201d della Sanit\u00e0 sia regionale che nazionale, coinvolgendo le pi\u00f9 importanti Societ\u00e0 Scientifiche dei Manager per confrontarsi sui temi e sulle sfide della politica sanitaria.<\/p>\n<p>Per assistere al Live: <a href=\"http:\/\/sanitask.it\/il-manager-tra-burocrazia-autonomia-e-responsabilita-25-febbraio-2021\">clicca qui\u00a0<\/a><\/p>\n","protected":false},"excerpt":{"rendered":"<p>Il secondo Live della piattaforma Sanitask \u00e8 programmato per domani 25 febbraio alle ore 14.30.<\/p>\n","protected":false},"author":4,"featured_media":3057,"comment_status":"closed","ping_status":"closed","sticky":false,"template":"","format":"standard","meta":{"_acf_changed":false,"footnotes":""},"categories":[5],"tags":[],"class_list":["post-3054","post","type-post","status-publish","format-standard","has-post-thumbnail","hentry","category-corporate"],"acf":[],"yoast_head":"<!-- This site is optimized with the Yoast SEO plugin v27.3 - https:\/\/yoast.com\/product\/yoast-seo-wordpress\/ -->\n<title>Alfasigma Schweiz - Sanitask, domani il secondo Live \u201cIl Manager tra burocrazia, autonomia e responsabilit\u00e0\u201d<\/title>\n<meta name=\"robots\" content=\"index,follow\" \/>\n<link rel=\"canonical\" href=\"https:\/\/ch.alfasigma.com\/it\/corporate\/sanitask-domani-il-secondo-live-il-manager-tra-burocrazia-autonomia-e-responsabilita\/\" \/>\n<meta property=\"og:locale\" content=\"it_IT\" \/>\n<meta property=\"og:type\" content=\"article\" \/>\n<meta property=\"og:title\" content=\"Alfasigma Schweiz - Sanitask, domani il secondo Live \u201cIl Manager tra burocrazia, autonomia e responsabilit\u00e0\u201d\" \/>\n<meta property=\"og:description\" content=\"Il secondo Live della piattaforma Sanitask \u00e8 programmato per domani 25 febbraio alle ore 14.30.\" \/>\n<meta property=\"og:url\" content=\"https:\/\/ch.alfasigma.com\/it\/corporate\/sanitask-domani-il-secondo-live-il-manager-tra-burocrazia-autonomia-e-responsabilita\/\" \/>\n<meta property=\"og:site_name\" content=\"Alfasigma Schweiz\" \/>\n<meta property=\"article:published_time\" content=\"2021-02-24T09:37:49+00:00\" \/>\n<meta property=\"article:modified_time\" content=\"2021-02-24T09:40:06+00:00\" \/>\n<meta property=\"og:image\" content=\"https:\/\/ch.alfasigma.com\/wp-content\/uploads\/2021\/02\/Sanitask-secondo-live-streaming-1-1.jpg\" \/>\n\t<meta property=\"og:image:width\" content=\"890\" \/>\n\t<meta property=\"og:image:height\" content=\"427\" \/>\n\t<meta property=\"og:image:type\" content=\"image\/jpeg\" \/>\n<meta name=\"author\" content=\"Corporate Communication\" \/>\n<meta name=\"twitter:card\" content=\"summary_large_image\" \/>\n<meta name=\"twitter:label1\" content=\"Written by\" \/>\n\t<meta name=\"twitter:data1\" content=\"Corporate Communication\" \/>\n\t<meta name=\"twitter:label2\" content=\"Est. reading time\" \/>\n\t<meta name=\"twitter:data2\" content=\"1 minute\" \/>\n<script type=\"application\/ld+json\" class=\"yoast-schema-graph\">{\"@context\":\"https:\\\/\\\/schema.org\",\"@graph\":[{\"@type\":\"Article\",\"@id\":\"https:\\\/\\\/ch.alfasigma.com\\\/it\\\/corporate\\\/sanitask-domani-il-secondo-live-il-manager-tra-burocrazia-autonomia-e-responsabilita\\\/#article\",\"isPartOf\":{\"@id\":\"https:\\\/\\\/ch.alfasigma.com\\\/it\\\/corporate\\\/sanitask-domani-il-secondo-live-il-manager-tra-burocrazia-autonomia-e-responsabilita\\\/\"},\"author\":{\"name\":\"Corporate Communication\",\"@id\":\"https:\\\/\\\/ch.alfasigma.com\\\/it\\\/#\\\/schema\\\/person\\\/5bd603220a50472960f5d5765affa861\"},\"headline\":\"Sanitask, domani il secondo Live \u201cIl Manager tra burocrazia, autonomia e responsabilit\u00e0\u201d\",\"datePublished\":\"2021-02-24T09:37:49+00:00\",\"dateModified\":\"2021-02-24T09:40:06+00:00\",\"mainEntityOfPage\":{\"@id\":\"https:\\\/\\\/ch.alfasigma.com\\\/it\\\/corporate\\\/sanitask-domani-il-secondo-live-il-manager-tra-burocrazia-autonomia-e-responsabilita\\\/\"},\"wordCount\":191,\"image\":{\"@id\":\"https:\\\/\\\/ch.alfasigma.com\\\/it\\\/corporate\\\/sanitask-domani-il-secondo-live-il-manager-tra-burocrazia-autonomia-e-responsabilita\\\/#primaryimage\"},\"thumbnailUrl\":\"https:\\\/\\\/ch.alfasigma.com\\\/wp-content\\\/uploads\\\/2021\\\/02\\\/Sanitask-secondo-live-streaming-1-1.jpg\",\"articleSection\":[\"Corporate\"],\"inLanguage\":\"it-CH\"},{\"@type\":\"WebPage\",\"@id\":\"https:\\\/\\\/ch.alfasigma.com\\\/it\\\/corporate\\\/sanitask-domani-il-secondo-live-il-manager-tra-burocrazia-autonomia-e-responsabilita\\\/\",\"url\":\"https:\\\/\\\/ch.alfasigma.com\\\/it\\\/corporate\\\/sanitask-domani-il-secondo-live-il-manager-tra-burocrazia-autonomia-e-responsabilita\\\/\",\"name\":\"Alfasigma Schweiz - Sanitask, domani il secondo Live \u201cIl Manager tra burocrazia, autonomia e responsabilit\u00e0\u201d\",\"isPartOf\":{\"@id\":\"https:\\\/\\\/ch.alfasigma.com\\\/it\\\/#website\"},\"primaryImageOfPage\":{\"@id\":\"https:\\\/\\\/ch.alfasigma.com\\\/it\\\/corporate\\\/sanitask-domani-il-secondo-live-il-manager-tra-burocrazia-autonomia-e-responsabilita\\\/#primaryimage\"},\"image\":{\"@id\":\"https:\\\/\\\/ch.alfasigma.com\\\/it\\\/corporate\\\/sanitask-domani-il-secondo-live-il-manager-tra-burocrazia-autonomia-e-responsabilita\\\/#primaryimage\"},\"thumbnailUrl\":\"https:\\\/\\\/ch.alfasigma.com\\\/wp-content\\\/uploads\\\/2021\\\/02\\\/Sanitask-secondo-live-streaming-1-1.jpg\",\"datePublished\":\"2021-02-24T09:37:49+00:00\",\"dateModified\":\"2021-02-24T09:40:06+00:00\",\"author\":{\"@id\":\"https:\\\/\\\/ch.alfasigma.com\\\/it\\\/#\\\/schema\\\/person\\\/5bd603220a50472960f5d5765affa861\"},\"breadcrumb\":{\"@id\":\"https:\\\/\\\/ch.alfasigma.com\\\/it\\\/corporate\\\/sanitask-domani-il-secondo-live-il-manager-tra-burocrazia-autonomia-e-responsabilita\\\/#breadcrumb\"},\"inLanguage\":\"it-CH\",\"potentialAction\":[{\"@type\":\"ReadAction\",\"target\":[\"https:\\\/\\\/ch.alfasigma.com\\\/it\\\/corporate\\\/sanitask-domani-il-secondo-live-il-manager-tra-burocrazia-autonomia-e-responsabilita\\\/\"]}]},{\"@type\":\"ImageObject\",\"inLanguage\":\"it-CH\",\"@id\":\"https:\\\/\\\/ch.alfasigma.com\\\/it\\\/corporate\\\/sanitask-domani-il-secondo-live-il-manager-tra-burocrazia-autonomia-e-responsabilita\\\/#primaryimage\",\"url\":\"https:\\\/\\\/ch.alfasigma.com\\\/wp-content\\\/uploads\\\/2021\\\/02\\\/Sanitask-secondo-live-streaming-1-1.jpg\",\"contentUrl\":\"https:\\\/\\\/ch.alfasigma.com\\\/wp-content\\\/uploads\\\/2021\\\/02\\\/Sanitask-secondo-live-streaming-1-1.jpg\",\"width\":890,\"height\":427},{\"@type\":\"BreadcrumbList\",\"@id\":\"https:\\\/\\\/ch.alfasigma.com\\\/it\\\/corporate\\\/sanitask-domani-il-secondo-live-il-manager-tra-burocrazia-autonomia-e-responsabilita\\\/#breadcrumb\",\"itemListElement\":[{\"@type\":\"ListItem\",\"position\":1,\"name\":\"Home\",\"item\":\"https:\\\/\\\/ch.alfasigma.com\\\/it\\\/\"},{\"@type\":\"ListItem\",\"position\":2,\"name\":\"Corporate\",\"item\":\"https:\\\/\\\/ch.alfasigma.com\\\/it\\\/category\\\/corporate\\\/\"},{\"@type\":\"ListItem\",\"position\":3,\"name\":\"Sanitask, domani il secondo Live \u201cIl Manager tra burocrazia, autonomia e responsabilit\u00e0\u201d\"}]},{\"@type\":\"WebSite\",\"@id\":\"https:\\\/\\\/ch.alfasigma.com\\\/it\\\/#website\",\"url\":\"https:\\\/\\\/ch.alfasigma.com\\\/it\\\/\",\"name\":\"Alfasigma Schweiz\",\"description\":\"Pharmaceuticals with passion\",\"potentialAction\":[{\"@type\":\"SearchAction\",\"target\":{\"@type\":\"EntryPoint\",\"urlTemplate\":\"https:\\\/\\\/ch.alfasigma.com\\\/it\\\/?s={search_term_string}\"},\"query-input\":{\"@type\":\"PropertyValueSpecification\",\"valueRequired\":true,\"valueName\":\"search_term_string\"}}],\"inLanguage\":\"it-CH\"},{\"@type\":\"Person\",\"@id\":\"https:\\\/\\\/ch.alfasigma.com\\\/it\\\/#\\\/schema\\\/person\\\/5bd603220a50472960f5d5765affa861\",\"name\":\"Corporate Communication\",\"image\":{\"@type\":\"ImageObject\",\"inLanguage\":\"it-CH\",\"@id\":\"https:\\\/\\\/secure.gravatar.com\\\/avatar\\\/042fcc2107b19c7891dc8dcd8f9d5753ae55897a905b16a42e80fa25bae94303?s=96&d=mm&r=g\",\"url\":\"https:\\\/\\\/secure.gravatar.com\\\/avatar\\\/042fcc2107b19c7891dc8dcd8f9d5753ae55897a905b16a42e80fa25bae94303?s=96&d=mm&r=g\",\"contentUrl\":\"https:\\\/\\\/secure.gravatar.com\\\/avatar\\\/042fcc2107b19c7891dc8dcd8f9d5753ae55897a905b16a42e80fa25bae94303?s=96&d=mm&r=g\",\"caption\":\"Corporate Communication\"}}]}<\/script>\n<!-- \/ Yoast SEO plugin. -->","yoast_head_json":{"title":"Alfasigma Schweiz - Sanitask, domani il secondo Live \u201cIl Manager tra burocrazia, autonomia e responsabilit\u00e0\u201d","robots":{"index,follow":"index,follow"},"canonical":"https:\/\/ch.alfasigma.com\/it\/corporate\/sanitask-domani-il-secondo-live-il-manager-tra-burocrazia-autonomia-e-responsabilita\/","og_locale":"it_IT","og_type":"article","og_title":"Alfasigma Schweiz - Sanitask, domani il secondo Live \u201cIl Manager tra burocrazia, autonomia e responsabilit\u00e0\u201d","og_description":"Il secondo Live della piattaforma Sanitask \u00e8 programmato per domani 25 febbraio alle ore 14.30.","og_url":"https:\/\/ch.alfasigma.com\/it\/corporate\/sanitask-domani-il-secondo-live-il-manager-tra-burocrazia-autonomia-e-responsabilita\/","og_site_name":"Alfasigma Schweiz","article_published_time":"2021-02-24T09:37:49+00:00","article_modified_time":"2021-02-24T09:40:06+00:00","og_image":[{"width":890,"height":427,"url":"https:\/\/ch.alfasigma.com\/wp-content\/uploads\/2021\/02\/Sanitask-secondo-live-streaming-1-1.jpg","type":"image\/jpeg"}],"author":"Corporate Communication","twitter_card":"summary_large_image","twitter_misc":{"Written by":"Corporate Communication","Est. reading time":"1 minute"},"schema":{"@context":"https:\/\/schema.org","@graph":[{"@type":"Article","@id":"https:\/\/ch.alfasigma.com\/it\/corporate\/sanitask-domani-il-secondo-live-il-manager-tra-burocrazia-autonomia-e-responsabilita\/#article","isPartOf":{"@id":"https:\/\/ch.alfasigma.com\/it\/corporate\/sanitask-domani-il-secondo-live-il-manager-tra-burocrazia-autonomia-e-responsabilita\/"},"author":{"name":"Corporate Communication","@id":"https:\/\/ch.alfasigma.com\/it\/#\/schema\/person\/5bd603220a50472960f5d5765affa861"},"headline":"Sanitask, domani il secondo Live \u201cIl Manager tra burocrazia, autonomia e responsabilit\u00e0\u201d","datePublished":"2021-02-24T09:37:49+00:00","dateModified":"2021-02-24T09:40:06+00:00","mainEntityOfPage":{"@id":"https:\/\/ch.alfasigma.com\/it\/corporate\/sanitask-domani-il-secondo-live-il-manager-tra-burocrazia-autonomia-e-responsabilita\/"},"wordCount":191,"image":{"@id":"https:\/\/ch.alfasigma.com\/it\/corporate\/sanitask-domani-il-secondo-live-il-manager-tra-burocrazia-autonomia-e-responsabilita\/#primaryimage"},"thumbnailUrl":"https:\/\/ch.alfasigma.com\/wp-content\/uploads\/2021\/02\/Sanitask-secondo-live-streaming-1-1.jpg","articleSection":["Corporate"],"inLanguage":"it-CH"},{"@type":"WebPage","@id":"https:\/\/ch.alfasigma.com\/it\/corporate\/sanitask-domani-il-secondo-live-il-manager-tra-burocrazia-autonomia-e-responsabilita\/","url":"https:\/\/ch.alfasigma.com\/it\/corporate\/sanitask-domani-il-secondo-live-il-manager-tra-burocrazia-autonomia-e-responsabilita\/","name":"Alfasigma Schweiz - Sanitask, domani il secondo Live \u201cIl Manager tra burocrazia, autonomia e responsabilit\u00e0\u201d","isPartOf":{"@id":"https:\/\/ch.alfasigma.com\/it\/#website"},"primaryImageOfPage":{"@id":"https:\/\/ch.alfasigma.com\/it\/corporate\/sanitask-domani-il-secondo-live-il-manager-tra-burocrazia-autonomia-e-responsabilita\/#primaryimage"},"image":{"@id":"https:\/\/ch.alfasigma.com\/it\/corporate\/sanitask-domani-il-secondo-live-il-manager-tra-burocrazia-autonomia-e-responsabilita\/#primaryimage"},"thumbnailUrl":"https:\/\/ch.alfasigma.com\/wp-content\/uploads\/2021\/02\/Sanitask-secondo-live-streaming-1-1.jpg","datePublished":"2021-02-24T09:37:49+00:00","dateModified":"2021-02-24T09:40:06+00:00","author":{"@id":"https:\/\/ch.alfasigma.com\/it\/#\/schema\/person\/5bd603220a50472960f5d5765affa861"},"breadcrumb":{"@id":"https:\/\/ch.alfasigma.com\/it\/corporate\/sanitask-domani-il-secondo-live-il-manager-tra-burocrazia-autonomia-e-responsabilita\/#breadcrumb"},"inLanguage":"it-CH","potentialAction":[{"@type":"ReadAction","target":["https:\/\/ch.alfasigma.com\/it\/corporate\/sanitask-domani-il-secondo-live-il-manager-tra-burocrazia-autonomia-e-responsabilita\/"]}]},{"@type":"ImageObject","inLanguage":"it-CH","@id":"https:\/\/ch.alfasigma.com\/it\/corporate\/sanitask-domani-il-secondo-live-il-manager-tra-burocrazia-autonomia-e-responsabilita\/#primaryimage","url":"https:\/\/ch.alfasigma.com\/wp-content\/uploads\/2021\/02\/Sanitask-secondo-live-streaming-1-1.jpg","contentUrl":"https:\/\/ch.alfasigma.com\/wp-content\/uploads\/2021\/02\/Sanitask-secondo-live-streaming-1-1.jpg","width":890,"height":427},{"@type":"BreadcrumbList","@id":"https:\/\/ch.alfasigma.com\/it\/corporate\/sanitask-domani-il-secondo-live-il-manager-tra-burocrazia-autonomia-e-responsabilita\/#breadcrumb","itemListElement":[{"@type":"ListItem","position":1,"name":"Home","item":"https:\/\/ch.alfasigma.com\/it\/"},{"@type":"ListItem","position":2,"name":"Corporate","item":"https:\/\/ch.alfasigma.com\/it\/category\/corporate\/"},{"@type":"ListItem","position":3,"name":"Sanitask, domani il secondo Live \u201cIl Manager tra burocrazia, autonomia e responsabilit\u00e0\u201d"}]},{"@type":"WebSite","@id":"https:\/\/ch.alfasigma.com\/it\/#website","url":"https:\/\/ch.alfasigma.com\/it\/","name":"Alfasigma Schweiz","description":"Pharmaceuticals with passion","potentialAction":[{"@type":"SearchAction","target":{"@type":"EntryPoint","urlTemplate":"https:\/\/ch.alfasigma.com\/it\/?s={search_term_string}"},"query-input":{"@type":"PropertyValueSpecification","valueRequired":true,"valueName":"search_term_string"}}],"inLanguage":"it-CH"},{"@type":"Person","@id":"https:\/\/ch.alfasigma.com\/it\/#\/schema\/person\/5bd603220a50472960f5d5765affa861","name":"Corporate Communication","image":{"@type":"ImageObject","inLanguage":"it-CH","@id":"https:\/\/secure.gravatar.com\/avatar\/042fcc2107b19c7891dc8dcd8f9d5753ae55897a905b16a42e80fa25bae94303?s=96&d=mm&r=g","url":"https:\/\/secure.gravatar.com\/avatar\/042fcc2107b19c7891dc8dcd8f9d5753ae55897a905b16a42e80fa25bae94303?s=96&d=mm&r=g","contentUrl":"https:\/\/secure.gravatar.com\/avatar\/042fcc2107b19c7891dc8dcd8f9d5753ae55897a905b16a42e80fa25bae94303?s=96&d=mm&r=g","caption":"Corporate Communication"}}]}},"_links":{"self":[{"href":"https:\/\/ch.alfasigma.com\/it\/wp-json\/wp\/v2\/posts\/3054","targetHints":{"allow":["GET"]}}],"collection":[{"href":"https:\/\/ch.alfasigma.com\/it\/wp-json\/wp\/v2\/posts"}],"about":[{"href":"https:\/\/ch.alfasigma.com\/it\/wp-json\/wp\/v2\/types\/post"}],"author":[{"embeddable":true,"href":"https:\/\/ch.alfasigma.com\/it\/wp-json\/wp\/v2\/users\/4"}],"replies":[{"embeddable":true,"href":"https:\/\/ch.alfasigma.com\/it\/wp-json\/wp\/v2\/comments?post=3054"}],"version-history":[{"count":0,"href":"https:\/\/ch.alfasigma.com\/it\/wp-json\/wp\/v2\/posts\/3054\/revisions"}],"wp:featuredmedia":[{"embeddable":true,"href":"https:\/\/ch.alfasigma.com\/it\/wp-json\/wp\/v2\/media\/3057"}],"wp:attachment":[{"href":"https:\/\/ch.alfasigma.com\/it\/wp-json\/wp\/v2\/media?parent=3054"}],"wp:term":[{"taxonomy":"category","embeddable":true,"href":"https:\/\/ch.alfasigma.com\/it\/wp-json\/wp\/v2\/categories?post=3054"},{"taxonomy":"post_tag","embeddable":true,"href":"https:\/\/ch.alfasigma.com\/it\/wp-json\/wp\/v2\/tags?post=3054"}],"curies":[{"name":"wp","href":"https:\/\/api.w.org\/{rel}","templated":true}]}}