{"id":3167,"date":"2021-04-02T12:58:28","date_gmt":"2021-04-02T12:58:28","guid":{"rendered":"https:\/\/ch.alfasigma.com\/?p=3167"},"modified":"2021-04-02T12:58:28","modified_gmt":"2021-04-02T12:58:28","slug":"alfasigma-rinnova-il-suo-supporto-per-il-bologna-festival-come-main-partner-della-40a-edizione","status":"publish","type":"post","link":"https:\/\/ch.alfasigma.com\/it\/responsabilita\/alfasigma-rinnova-il-suo-supporto-per-il-bologna-festival-come-main-partner-della-40a-edizione\/","title":{"rendered":"Alfasigma rinnova il suo supporto per il Bologna Festival come Main Partner della 40\u00aa edizione"},"content":{"rendered":"<p>\u00ab<em>Alfasigma \u00e8 orgogliosa di confermare il suo supporto a Bologna Festival, che negli ultimi anni si \u00e8 estrinsecato in particolare a favore delle iniziative di Baby BoFe\u2019, particolarmente in sintonia con le attivit\u00e0 di responsabilit\u00e0 sociale d\u2019impresa che da sempre contraddistinguono la nostra azienda<\/em>\u00bb commenta la <strong>Dottoressa Silvana Spinacci, Corporate Image &amp; Social Responsability.<\/strong><\/p>\n<p>Tra maggio e dicembre si articoler\u00e0 come di consueto nelle tre sezioni <em>Grandi Interpreti<\/em>, <em>Talenti <\/em>e <em>Il Nuovo l\u2019Antico<\/em>.<\/p>\n<p><strong><em>Grandi Interpreti<\/em><\/strong><strong> comincer\u00e0 il 16 maggio <\/strong>al Teatro Manzoni con il doppio concerto di Isabelle Faust, artista molto legata al festival che torna per eseguire l'integrale delle Partite e Sonate per violino solo di Bach, come nel memorabile concerto di nove anni fa.<\/p>\n<p><strong>La serie di concerti <em>Talenti<\/em><\/strong>, quest'anno dislocati in diverse sedi di interesse storico culturale di Bologna e dintorni, inizier\u00e0 il <strong>10 giugno<\/strong> con la pianista Gile Bae che aprir\u00e0 la rassegna nella consueta sede del Cortile dell\u2019Archiginnasio.<\/p>\n<p><strong><em>Il Nuovo e l\u2019Antico<\/em><\/strong><strong>, la \u201cstorica\u201d rassegna d\u2019autunno di Bologna Festival<\/strong> dedicata alla musica antica e contemporanea con specifici programmi ove spesso i due diversi repertori s\u2019intrecciano, vede in apertura l\u2019opera da camera \u201cIn alloro mut\u00f2 il suo pianto\u201d. Il canto di Dafne sulle spoglie di Orfeo, programmata nella scorsa stagione e rimandata causa emergenza Covid, va in scena in prima assoluta <strong>il 15 settembre<\/strong> negli spazi dell\u2019Oratorio di San Filippo Neri.<\/p>\n<h2><strong>Gli appuntamenti in streaming di aprile e giugno per adulti e bambini <\/strong><\/h2>\n<p>Nel mese di aprile, come un\u2019ouverture alla stagione, il ciclo di conversazioni-concerto <strong><em>Carteggi musicali<\/em> che si svolger\u00e0 dall\u20198 al 29 aprile in streaming<\/strong> in un ciclo di approfondimento culturale che si trasferisce nei salotti di storiche dimore bolognesi, quali Villa Belpoggio, Villa Contri, Palazzo Gregorin Bingham, Casa Mentasti. Quattro appuntamenti dedicati agli epistolari di Puccini, \u010cajkovskii, Beethoven e \u0160ostakovi\u010d. Conversazioni e letture con intermezzi musicali, curati da stimati musicologi e note voci radiofoniche come<\/p>\n<p>Alberto Batisti, Giovanni Bietti, Enzo Restagno, Fabio Sartorelli. Le esecuzioni pianistiche sono affidate ad Albertina dalla Chiara e Stefano Campanini. Ogni incontro \u00e8 preceduto da una presentazione storico-artistica della sala che ospita la conversazione-concerto, a cura delle storiche dell\u2019arte Jadranka Bentini e Francesca Lui.<\/p>\n<p>Inoltre, <strong>Baby BoFe\u2019<\/strong>, la programmazione di Bologna Festival dedicata al pubblico dei pi\u00f9 piccoli, torna in <strong>scena a partire da giugno<\/strong>, all\u2019aperto, con lo spettacolo Sogno di una notte di mezza estate. Le proposte didattiche di Note sul registro, in questo anno segnato da profondi sconvolgimenti delle attivit\u00e0 scolastiche a causa dell\u2019emergenza Covid-19, sono state ripensate secondo i criteri di una didattica a distanza e svolte online.<\/p>\n<h2><strong>Servizi di Biglietteria <\/strong><\/h2>\n<p>Apertura delle prevendite luned\u00ec 3 maggio. Prezzi e modalit\u00e0 di acquisto dei biglietti verranno comunicati attraverso i canali istituzionali (sito internet, newsletter, social media), secondo l\u2019evolversi delle disposizioni governative sullo spettacolo.<\/p>\n<p><a href=\"https:\/\/www.bolognafestival.it\/it\/concerti-bologna-2021\/\">CLICCA QUI PER IL PROGRAMMA COMPLETO<\/a><\/p>\n","protected":false},"excerpt":{"rendered":"<p>Dall\u20198 aprile comincia la 40\u00aa edizione di Bologna Festival 2021 che quest\u2019anno vede come Main Partner Alfasigma.<\/p>\n","protected":false},"author":4,"featured_media":3168,"comment_status":"closed","ping_status":"closed","sticky":false,"template":"","format":"standard","meta":{"_acf_changed":false,"footnotes":""},"categories":[4],"tags":[],"class_list":["post-3167","post","type-post","status-publish","format-standard","has-post-thumbnail","hentry","category-responsabilita"],"acf":[],"yoast_head":"<!-- This site is optimized with the Yoast SEO plugin v27.3 - https:\/\/yoast.com\/product\/yoast-seo-wordpress\/ -->\n<title>Alfasigma Schweiz - Alfasigma rinnova il suo supporto per il Bologna Festival come Main Partner della 40\u00aa edizione<\/title>\n<meta name=\"robots\" content=\"index,follow\" \/>\n<link rel=\"canonical\" href=\"https:\/\/ch.alfasigma.com\/it\/responsabilita\/alfasigma-rinnova-il-suo-supporto-per-il-bologna-festival-come-main-partner-della-40a-edizione\/\" \/>\n<meta property=\"og:locale\" content=\"it_IT\" \/>\n<meta property=\"og:type\" content=\"article\" \/>\n<meta property=\"og:title\" content=\"Alfasigma Schweiz - Alfasigma rinnova il suo supporto per il Bologna Festival come Main Partner della 40\u00aa edizione\" \/>\n<meta property=\"og:description\" content=\"Dall\u20198 aprile comincia la 40\u00aa edizione di Bologna Festival 2021 che quest\u2019anno vede come Main Partner Alfasigma.\" \/>\n<meta property=\"og:url\" content=\"https:\/\/ch.alfasigma.com\/it\/responsabilita\/alfasigma-rinnova-il-suo-supporto-per-il-bologna-festival-come-main-partner-della-40a-edizione\/\" \/>\n<meta property=\"og:site_name\" content=\"Alfasigma Schweiz\" \/>\n<meta property=\"article:published_time\" content=\"2021-04-02T12:58:28+00:00\" \/>\n<meta property=\"og:image\" content=\"https:\/\/ch.alfasigma.com\/wp-content\/uploads\/2021\/04\/BF-2021-Copertina.jpg\" \/>\n\t<meta property=\"og:image:width\" content=\"1134\" \/>\n\t<meta property=\"og:image:height\" content=\"831\" \/>\n\t<meta property=\"og:image:type\" content=\"image\/jpeg\" \/>\n<meta name=\"author\" content=\"Corporate Communication\" \/>\n<meta name=\"twitter:card\" content=\"summary_large_image\" \/>\n<meta name=\"twitter:label1\" content=\"Written by\" \/>\n\t<meta name=\"twitter:data1\" content=\"Corporate Communication\" \/>\n\t<meta name=\"twitter:label2\" content=\"Est. reading time\" \/>\n\t<meta name=\"twitter:data2\" content=\"3 minutes\" \/>\n<script type=\"application\/ld+json\" class=\"yoast-schema-graph\">{\"@context\":\"https:\\\/\\\/schema.org\",\"@graph\":[{\"@type\":\"Article\",\"@id\":\"https:\\\/\\\/ch.alfasigma.com\\\/it\\\/responsabilita\\\/alfasigma-rinnova-il-suo-supporto-per-il-bologna-festival-come-main-partner-della-40a-edizione\\\/#article\",\"isPartOf\":{\"@id\":\"https:\\\/\\\/ch.alfasigma.com\\\/it\\\/responsabilita\\\/alfasigma-rinnova-il-suo-supporto-per-il-bologna-festival-come-main-partner-della-40a-edizione\\\/\"},\"author\":{\"name\":\"Corporate Communication\",\"@id\":\"https:\\\/\\\/ch.alfasigma.com\\\/it\\\/#\\\/schema\\\/person\\\/5bd603220a50472960f5d5765affa861\"},\"headline\":\"Alfasigma rinnova il suo supporto per il Bologna Festival come Main Partner della 40\u00aa edizione\",\"datePublished\":\"2021-04-02T12:58:28+00:00\",\"mainEntityOfPage\":{\"@id\":\"https:\\\/\\\/ch.alfasigma.com\\\/it\\\/responsabilita\\\/alfasigma-rinnova-il-suo-supporto-per-il-bologna-festival-come-main-partner-della-40a-edizione\\\/\"},\"wordCount\":483,\"image\":{\"@id\":\"https:\\\/\\\/ch.alfasigma.com\\\/it\\\/responsabilita\\\/alfasigma-rinnova-il-suo-supporto-per-il-bologna-festival-come-main-partner-della-40a-edizione\\\/#primaryimage\"},\"thumbnailUrl\":\"https:\\\/\\\/ch.alfasigma.com\\\/wp-content\\\/uploads\\\/2021\\\/04\\\/BF-2021-Copertina.jpg\",\"articleSection\":[\"Responsabilit\u00e0\"],\"inLanguage\":\"it-CH\"},{\"@type\":\"WebPage\",\"@id\":\"https:\\\/\\\/ch.alfasigma.com\\\/it\\\/responsabilita\\\/alfasigma-rinnova-il-suo-supporto-per-il-bologna-festival-come-main-partner-della-40a-edizione\\\/\",\"url\":\"https:\\\/\\\/ch.alfasigma.com\\\/it\\\/responsabilita\\\/alfasigma-rinnova-il-suo-supporto-per-il-bologna-festival-come-main-partner-della-40a-edizione\\\/\",\"name\":\"Alfasigma Schweiz - Alfasigma rinnova il suo supporto per il Bologna Festival come Main Partner della 40\u00aa edizione\",\"isPartOf\":{\"@id\":\"https:\\\/\\\/ch.alfasigma.com\\\/it\\\/#website\"},\"primaryImageOfPage\":{\"@id\":\"https:\\\/\\\/ch.alfasigma.com\\\/it\\\/responsabilita\\\/alfasigma-rinnova-il-suo-supporto-per-il-bologna-festival-come-main-partner-della-40a-edizione\\\/#primaryimage\"},\"image\":{\"@id\":\"https:\\\/\\\/ch.alfasigma.com\\\/it\\\/responsabilita\\\/alfasigma-rinnova-il-suo-supporto-per-il-bologna-festival-come-main-partner-della-40a-edizione\\\/#primaryimage\"},\"thumbnailUrl\":\"https:\\\/\\\/ch.alfasigma.com\\\/wp-content\\\/uploads\\\/2021\\\/04\\\/BF-2021-Copertina.jpg\",\"datePublished\":\"2021-04-02T12:58:28+00:00\",\"author\":{\"@id\":\"https:\\\/\\\/ch.alfasigma.com\\\/it\\\/#\\\/schema\\\/person\\\/5bd603220a50472960f5d5765affa861\"},\"breadcrumb\":{\"@id\":\"https:\\\/\\\/ch.alfasigma.com\\\/it\\\/responsabilita\\\/alfasigma-rinnova-il-suo-supporto-per-il-bologna-festival-come-main-partner-della-40a-edizione\\\/#breadcrumb\"},\"inLanguage\":\"it-CH\",\"potentialAction\":[{\"@type\":\"ReadAction\",\"target\":[\"https:\\\/\\\/ch.alfasigma.com\\\/it\\\/responsabilita\\\/alfasigma-rinnova-il-suo-supporto-per-il-bologna-festival-come-main-partner-della-40a-edizione\\\/\"]}]},{\"@type\":\"ImageObject\",\"inLanguage\":\"it-CH\",\"@id\":\"https:\\\/\\\/ch.alfasigma.com\\\/it\\\/responsabilita\\\/alfasigma-rinnova-il-suo-supporto-per-il-bologna-festival-come-main-partner-della-40a-edizione\\\/#primaryimage\",\"url\":\"https:\\\/\\\/ch.alfasigma.com\\\/wp-content\\\/uploads\\\/2021\\\/04\\\/BF-2021-Copertina.jpg\",\"contentUrl\":\"https:\\\/\\\/ch.alfasigma.com\\\/wp-content\\\/uploads\\\/2021\\\/04\\\/BF-2021-Copertina.jpg\",\"width\":1134,\"height\":831},{\"@type\":\"BreadcrumbList\",\"@id\":\"https:\\\/\\\/ch.alfasigma.com\\\/it\\\/responsabilita\\\/alfasigma-rinnova-il-suo-supporto-per-il-bologna-festival-come-main-partner-della-40a-edizione\\\/#breadcrumb\",\"itemListElement\":[{\"@type\":\"ListItem\",\"position\":1,\"name\":\"Home\",\"item\":\"https:\\\/\\\/ch.alfasigma.com\\\/it\\\/\"},{\"@type\":\"ListItem\",\"position\":2,\"name\":\"Responsabilit\u00e0\",\"item\":\"https:\\\/\\\/ch.alfasigma.com\\\/it\\\/category\\\/responsabilita\\\/\"},{\"@type\":\"ListItem\",\"position\":3,\"name\":\"Alfasigma rinnova il suo supporto per il Bologna Festival come Main Partner della 40\u00aa edizione\"}]},{\"@type\":\"WebSite\",\"@id\":\"https:\\\/\\\/ch.alfasigma.com\\\/it\\\/#website\",\"url\":\"https:\\\/\\\/ch.alfasigma.com\\\/it\\\/\",\"name\":\"Alfasigma Schweiz\",\"description\":\"Pharmaceuticals with passion\",\"potentialAction\":[{\"@type\":\"SearchAction\",\"target\":{\"@type\":\"EntryPoint\",\"urlTemplate\":\"https:\\\/\\\/ch.alfasigma.com\\\/it\\\/?s={search_term_string}\"},\"query-input\":{\"@type\":\"PropertyValueSpecification\",\"valueRequired\":true,\"valueName\":\"search_term_string\"}}],\"inLanguage\":\"it-CH\"},{\"@type\":\"Person\",\"@id\":\"https:\\\/\\\/ch.alfasigma.com\\\/it\\\/#\\\/schema\\\/person\\\/5bd603220a50472960f5d5765affa861\",\"name\":\"Corporate Communication\",\"image\":{\"@type\":\"ImageObject\",\"inLanguage\":\"it-CH\",\"@id\":\"https:\\\/\\\/secure.gravatar.com\\\/avatar\\\/042fcc2107b19c7891dc8dcd8f9d5753ae55897a905b16a42e80fa25bae94303?s=96&d=mm&r=g\",\"url\":\"https:\\\/\\\/secure.gravatar.com\\\/avatar\\\/042fcc2107b19c7891dc8dcd8f9d5753ae55897a905b16a42e80fa25bae94303?s=96&d=mm&r=g\",\"contentUrl\":\"https:\\\/\\\/secure.gravatar.com\\\/avatar\\\/042fcc2107b19c7891dc8dcd8f9d5753ae55897a905b16a42e80fa25bae94303?s=96&d=mm&r=g\",\"caption\":\"Corporate Communication\"}}]}<\/script>\n<!-- \/ Yoast SEO plugin. -->","yoast_head_json":{"title":"Alfasigma Schweiz - Alfasigma rinnova il suo supporto per il Bologna Festival come Main Partner della 40\u00aa edizione","robots":{"index,follow":"index,follow"},"canonical":"https:\/\/ch.alfasigma.com\/it\/responsabilita\/alfasigma-rinnova-il-suo-supporto-per-il-bologna-festival-come-main-partner-della-40a-edizione\/","og_locale":"it_IT","og_type":"article","og_title":"Alfasigma Schweiz - Alfasigma rinnova il suo supporto per il Bologna Festival come Main Partner della 40\u00aa edizione","og_description":"Dall\u20198 aprile comincia la 40\u00aa edizione di Bologna Festival 2021 che quest\u2019anno vede come Main Partner Alfasigma.","og_url":"https:\/\/ch.alfasigma.com\/it\/responsabilita\/alfasigma-rinnova-il-suo-supporto-per-il-bologna-festival-come-main-partner-della-40a-edizione\/","og_site_name":"Alfasigma Schweiz","article_published_time":"2021-04-02T12:58:28+00:00","og_image":[{"width":1134,"height":831,"url":"https:\/\/ch.alfasigma.com\/wp-content\/uploads\/2021\/04\/BF-2021-Copertina.jpg","type":"image\/jpeg"}],"author":"Corporate Communication","twitter_card":"summary_large_image","twitter_misc":{"Written by":"Corporate Communication","Est. reading time":"3 minutes"},"schema":{"@context":"https:\/\/schema.org","@graph":[{"@type":"Article","@id":"https:\/\/ch.alfasigma.com\/it\/responsabilita\/alfasigma-rinnova-il-suo-supporto-per-il-bologna-festival-come-main-partner-della-40a-edizione\/#article","isPartOf":{"@id":"https:\/\/ch.alfasigma.com\/it\/responsabilita\/alfasigma-rinnova-il-suo-supporto-per-il-bologna-festival-come-main-partner-della-40a-edizione\/"},"author":{"name":"Corporate Communication","@id":"https:\/\/ch.alfasigma.com\/it\/#\/schema\/person\/5bd603220a50472960f5d5765affa861"},"headline":"Alfasigma rinnova il suo supporto per il Bologna Festival come Main Partner della 40\u00aa edizione","datePublished":"2021-04-02T12:58:28+00:00","mainEntityOfPage":{"@id":"https:\/\/ch.alfasigma.com\/it\/responsabilita\/alfasigma-rinnova-il-suo-supporto-per-il-bologna-festival-come-main-partner-della-40a-edizione\/"},"wordCount":483,"image":{"@id":"https:\/\/ch.alfasigma.com\/it\/responsabilita\/alfasigma-rinnova-il-suo-supporto-per-il-bologna-festival-come-main-partner-della-40a-edizione\/#primaryimage"},"thumbnailUrl":"https:\/\/ch.alfasigma.com\/wp-content\/uploads\/2021\/04\/BF-2021-Copertina.jpg","articleSection":["Responsabilit\u00e0"],"inLanguage":"it-CH"},{"@type":"WebPage","@id":"https:\/\/ch.alfasigma.com\/it\/responsabilita\/alfasigma-rinnova-il-suo-supporto-per-il-bologna-festival-come-main-partner-della-40a-edizione\/","url":"https:\/\/ch.alfasigma.com\/it\/responsabilita\/alfasigma-rinnova-il-suo-supporto-per-il-bologna-festival-come-main-partner-della-40a-edizione\/","name":"Alfasigma Schweiz - Alfasigma rinnova il suo supporto per il Bologna Festival come Main Partner della 40\u00aa edizione","isPartOf":{"@id":"https:\/\/ch.alfasigma.com\/it\/#website"},"primaryImageOfPage":{"@id":"https:\/\/ch.alfasigma.com\/it\/responsabilita\/alfasigma-rinnova-il-suo-supporto-per-il-bologna-festival-come-main-partner-della-40a-edizione\/#primaryimage"},"image":{"@id":"https:\/\/ch.alfasigma.com\/it\/responsabilita\/alfasigma-rinnova-il-suo-supporto-per-il-bologna-festival-come-main-partner-della-40a-edizione\/#primaryimage"},"thumbnailUrl":"https:\/\/ch.alfasigma.com\/wp-content\/uploads\/2021\/04\/BF-2021-Copertina.jpg","datePublished":"2021-04-02T12:58:28+00:00","author":{"@id":"https:\/\/ch.alfasigma.com\/it\/#\/schema\/person\/5bd603220a50472960f5d5765affa861"},"breadcrumb":{"@id":"https:\/\/ch.alfasigma.com\/it\/responsabilita\/alfasigma-rinnova-il-suo-supporto-per-il-bologna-festival-come-main-partner-della-40a-edizione\/#breadcrumb"},"inLanguage":"it-CH","potentialAction":[{"@type":"ReadAction","target":["https:\/\/ch.alfasigma.com\/it\/responsabilita\/alfasigma-rinnova-il-suo-supporto-per-il-bologna-festival-come-main-partner-della-40a-edizione\/"]}]},{"@type":"ImageObject","inLanguage":"it-CH","@id":"https:\/\/ch.alfasigma.com\/it\/responsabilita\/alfasigma-rinnova-il-suo-supporto-per-il-bologna-festival-come-main-partner-della-40a-edizione\/#primaryimage","url":"https:\/\/ch.alfasigma.com\/wp-content\/uploads\/2021\/04\/BF-2021-Copertina.jpg","contentUrl":"https:\/\/ch.alfasigma.com\/wp-content\/uploads\/2021\/04\/BF-2021-Copertina.jpg","width":1134,"height":831},{"@type":"BreadcrumbList","@id":"https:\/\/ch.alfasigma.com\/it\/responsabilita\/alfasigma-rinnova-il-suo-supporto-per-il-bologna-festival-come-main-partner-della-40a-edizione\/#breadcrumb","itemListElement":[{"@type":"ListItem","position":1,"name":"Home","item":"https:\/\/ch.alfasigma.com\/it\/"},{"@type":"ListItem","position":2,"name":"Responsabilit\u00e0","item":"https:\/\/ch.alfasigma.com\/it\/category\/responsabilita\/"},{"@type":"ListItem","position":3,"name":"Alfasigma rinnova il suo supporto per il Bologna Festival come Main Partner della 40\u00aa edizione"}]},{"@type":"WebSite","@id":"https:\/\/ch.alfasigma.com\/it\/#website","url":"https:\/\/ch.alfasigma.com\/it\/","name":"Alfasigma Schweiz","description":"Pharmaceuticals with passion","potentialAction":[{"@type":"SearchAction","target":{"@type":"EntryPoint","urlTemplate":"https:\/\/ch.alfasigma.com\/it\/?s={search_term_string}"},"query-input":{"@type":"PropertyValueSpecification","valueRequired":true,"valueName":"search_term_string"}}],"inLanguage":"it-CH"},{"@type":"Person","@id":"https:\/\/ch.alfasigma.com\/it\/#\/schema\/person\/5bd603220a50472960f5d5765affa861","name":"Corporate Communication","image":{"@type":"ImageObject","inLanguage":"it-CH","@id":"https:\/\/secure.gravatar.com\/avatar\/042fcc2107b19c7891dc8dcd8f9d5753ae55897a905b16a42e80fa25bae94303?s=96&d=mm&r=g","url":"https:\/\/secure.gravatar.com\/avatar\/042fcc2107b19c7891dc8dcd8f9d5753ae55897a905b16a42e80fa25bae94303?s=96&d=mm&r=g","contentUrl":"https:\/\/secure.gravatar.com\/avatar\/042fcc2107b19c7891dc8dcd8f9d5753ae55897a905b16a42e80fa25bae94303?s=96&d=mm&r=g","caption":"Corporate Communication"}}]}},"_links":{"self":[{"href":"https:\/\/ch.alfasigma.com\/it\/wp-json\/wp\/v2\/posts\/3167","targetHints":{"allow":["GET"]}}],"collection":[{"href":"https:\/\/ch.alfasigma.com\/it\/wp-json\/wp\/v2\/posts"}],"about":[{"href":"https:\/\/ch.alfasigma.com\/it\/wp-json\/wp\/v2\/types\/post"}],"author":[{"embeddable":true,"href":"https:\/\/ch.alfasigma.com\/it\/wp-json\/wp\/v2\/users\/4"}],"replies":[{"embeddable":true,"href":"https:\/\/ch.alfasigma.com\/it\/wp-json\/wp\/v2\/comments?post=3167"}],"version-history":[{"count":0,"href":"https:\/\/ch.alfasigma.com\/it\/wp-json\/wp\/v2\/posts\/3167\/revisions"}],"wp:featuredmedia":[{"embeddable":true,"href":"https:\/\/ch.alfasigma.com\/it\/wp-json\/wp\/v2\/media\/3168"}],"wp:attachment":[{"href":"https:\/\/ch.alfasigma.com\/it\/wp-json\/wp\/v2\/media?parent=3167"}],"wp:term":[{"taxonomy":"category","embeddable":true,"href":"https:\/\/ch.alfasigma.com\/it\/wp-json\/wp\/v2\/categories?post=3167"},{"taxonomy":"post_tag","embeddable":true,"href":"https:\/\/ch.alfasigma.com\/it\/wp-json\/wp\/v2\/tags?post=3167"}],"curies":[{"name":"wp","href":"https:\/\/api.w.org\/{rel}","templated":true}]}}