{"id":3308,"date":"2021-06-10T11:44:54","date_gmt":"2021-06-10T11:44:54","guid":{"rendered":"https:\/\/ch.alfasigma.com\/?p=3308"},"modified":"2021-06-10T11:44:54","modified_gmt":"2021-06-10T11:44:54","slug":"alfasigma-protagonista-della-sostenibilita-ai-future-respect-2021","status":"publish","type":"post","link":"https:\/\/ch.alfasigma.com\/it\/responsabilita\/alfasigma-protagonista-della-sostenibilita-ai-future-respect-2021\/","title":{"rendered":"Alfasigma protagonista della sostenibilit\u00e0 ai Future Respect 2021"},"content":{"rendered":"<p>Inaspettatamente questo sforzo ci ha portato alla ribalta nazionale in ambito sostenibilit\u00e0: prima il Rapporto di Sostenibilit\u00e0 2019 \u00e8 stato riconosciuto da Consumer Lab\u00a0<a href=\"https:\/\/eur02.safelinks.protection.outlook.com\/?url=https:\/\/www.consumerlab.it\/40-imprese-nellindex-future-respect-2020\/alfasigma\/&amp;data=04%7c01%7cgiulia.bergami%40alfasigma.com%7c1d2eea73cb914594d04508d92bd8334b%7c334cc65ae96244f2bd88c4fab714f049%7c0%7c0%7c637589029839208493%7cUnknown%7cTWFpbGZsb3d8eyJWIjoiMC4wLjAwMDAiLCJQIjoiV2luMzIiLCJBTiI6Ik1haWwiLCJXVCI6Mn0%3D%7c1000&amp;sdata=18Vwfx%2B95N0follbkpsPMkBYnsITmNB3euAy7JtLSDU%3D&amp;reserved=0\" data-cke-saved-href=\"https:\/\/eur02.safelinks.protection.outlook.com\/?url=https%3A%2F%2Fwww.consumerlab.it%2F40-imprese-nellindex-future-respect-2020%2Falfasigma%2F&amp;data=04%7C01%7Cgiulia.bergami%40alfasigma.com%7C1d2eea73cb914594d04508d92bd8334b%7C334cc65ae96244f2bd88c4fab714f049%7C0%7C0%7C637589029839208493%7CUnknown%7CTWFpbGZsb3d8eyJWIjoiMC4wLjAwMDAiLCJQIjoiV2luMzIiLCJBTiI6Ik1haWwiLCJXVCI6Mn0%3D%7C1000&amp;sdata=18Vwfx%2B95N0follbkpsPMkBYnsITmNB3euAy7JtLSDU%3D&amp;reserved=0\">Alfasigma - ConsumerLab<\/a>\u00a0tra una delle 40 migliori rendicontazioni in Italia; poi Statista e Sole 24 Ore hanno inserito Alfasigma tra le aziende leader della sostenibilit\u00e0 in Italia (link:\u00a0<a href=\"https:\/\/eur02.safelinks.protection.outlook.com\/?url=https:\/\/www.ilsole24ore.com\/art\/per-farmaceutica-pandemia-rilancia-sfida-dell-equita-AEY6uPC&amp;data=04%7c01%7cgiulia.bergami%40alfasigma.com%7c1d2eea73cb914594d04508d92bd8334b%7c334cc65ae96244f2bd88c4fab714f049%7c0%7c0%7c637589029839218449%7cUnknown%7cTWFpbGZsb3d8eyJWIjoiMC4wLjAwMDAiLCJQIjoiV2luMzIiLCJBTiI6Ik1haWwiLCJXVCI6Mn0%3D%7c1000&amp;sdata=ELyDUAk8m6fpO%2Bv\/K\/92rMMAir5sO5loDbypU%2BbCAYs%3D&amp;reserved=0\" data-cke-saved-href=\"https:\/\/eur02.safelinks.protection.outlook.com\/?url=https%3A%2F%2Fwww.ilsole24ore.com%2Fart%2Fper-farmaceutica-pandemia-rilancia-sfida-dell-equita-AEY6uPC&amp;data=04%7C01%7Cgiulia.bergami%40alfasigma.com%7C1d2eea73cb914594d04508d92bd8334b%7C334cc65ae96244f2bd88c4fab714f049%7C0%7C0%7C637589029839218449%7CUnknown%7CTWFpbGZsb3d8eyJWIjoiMC4wLjAwMDAiLCJQIjoiV2luMzIiLCJBTiI6Ik1haWwiLCJXVCI6Mn0%3D%7C1000&amp;sdata=ELyDUAk8m6fpO%2Bv%2FK%2F92rMMAir5sO5loDbypU%2BbCAYs%3D&amp;reserved=0\">Per la farmaceutica la pandemia rilancia la sfida dell\u2019equit\u00e0 - Il Sole 24 ORE<\/a>).<\/p>\n<p>Questi risultati sono frutto anzitutto di una\u00a0<strong>lunga tradizione di attenzione da parte di entrambe le legacies (Alfa Wassermann e Sigma-Tau) alla filantropia e alla responsabilit\u00e0 sociale,\u00a0<\/strong>ma la strada per raggiungere la sostenibilit\u00e0 \u00e8 ancora lunga.\u00a0<strong>Dobbiamo evolvere tanto in termini di impatto ambientale, di governance e di coinvolgimento dei portatori di interesse delle varie comunit\u00e0 in cui siamo insediati.\u00a0<\/strong>Ma<strong>\u00a0la partenza \u00e8 certamente stata molto positiva\u00a0<\/strong>e soprattutto l\u2019entusiasmo trasversale delle colleghe e dei colleghi verso la sostenibilit\u00e0, insieme all\u2019ottimo lavoro svolto dai team in ambito di rendicontazione e all\u2019impegno dei manager, \u00e8 il miglior auspicio per continuare a migliorarci ancora di pi\u00f9.<\/p>\n<p>Nel<strong>\u00a02020 sono partite diverse attivit\u00e0<\/strong>\u00a0che grazie ai suggerimenti e all\u2019iniziativa delle singole funzioni \u2013 compatibilmente con l\u2019emergenza covid \u2013 che si stanno ulteriormente concretizzando in questo 2021: dall\u2019i<strong>mpianto di trigenerazione\u00a0<\/strong>alle\u00a0<strong>iniziative di solidariet\u00e0 verso Caritas, CBM, le comunit\u00e0 locali, ANT,<\/strong>\u00a0dall\u2019impegno nei confronti dei nostri stakeholder primari ai prossimi progetti dell\u2019A_MAB, passando per le iniziative di ricerca e sviluppo e innovazione tecnologica.<\/p>\n<p><strong>Oggi siamo presenti alla prima edizione di Future Respect<\/strong>, il Congresso dedicato al confronto tra le migliori pratiche e i casi di successo, criticit\u00e0 e strade possibili per la trasformazione sostenibile dello sviluppo, che in Italia stenta ancora a decollare, ma che alla luce anche del PNRR diventa un tea ineludibile. Sono oltre settanta gli interventi in programma dal\u00a0<strong>10 al 12 giugno 2021,<\/strong>\u00a0altrettanti verranno pubblicati in un secondo tempo; un successo superiore ad ogni aspettativa.<\/p>\n<p>L\u2019evento \u00e8 organizzato in presenza allo Stadio di Domiziano di Roma per gli addetti ai lavori, mentre\u00a0<strong>per il pubblico si terr\u00e0 in diretta sui canali social Youtube, Facebook e Instagram, dal sito future-respect.it e consumerlab.it.<\/strong><\/p>\n<h2><b>APPROFONDIMENTO Future Respect 2021<\/b><\/h2>\n<p>Il Congresso vuole partire dalla realt\u00e0 per dare un contributo effettivo alla trasformazione sostenibile dello sviluppo nazionale.<\/p>\n<p>Secondo una recente indagine Istat (2020) tra 4,4 milioni di Imprese italiane, poco pi\u00f9 di un milione \u00e8 interessata ad avviare un percorso di \u201ctrasformazione sostenibile\u201d; pi\u00f9 precisamente il 68,9% si dichiara attenta a migliorare il benessere lavorativo, il 66,6% a ridurre l\u2019impatto ambientale, il 31,3% a sostenere o realizzare iniziative d\u2019interesse collettivo, il 29,4% a sostenere o realizzare iniziative a beneficio del tessuto produttivo del territorio, il 64,8% a incrementare i livelli di sicurezza all\u2019interno dell\u2019impresa o nel territorio in cui opera. In realt\u00e0 solo una esigua minoranza di Imprese ha metabolizzato la necessit\u00e0 di questa radicale trasformazione e conquistato la flessibilit\u00e0 per aggiornarsi in maniera continua e capillare; infatti neanche duemila Imprese redigono un Bilancio di Sostenibilit\u00e0, avviando in concreto il percorso della trasformazione sostenibile, rendicontandone l'andamento.<\/p>\n<p>Un secondo paradosso \u00e8 che oltre il venti per cento delle pubblicit\u00e0 parla di sostenibilit\u00e0. Una sproporzione tra realt\u00e0 e comunicazione, troppe parole, pochi fatti; gli impatti sono perlopi\u00f9 autoreferenziali; piuttosto diffusa la fallacia che confonde le idee; insomma disinformazione che non aiuta.<\/p>\n<p>Anche la stragrande maggioranza dei Cittadini Consumatori ha idee incerte e parziali sulla sostenibilit\u00e0, ritenendola essenzialmente un fatto ambientale, clima e inquinamento; questo comporta l'assunzione limitata di quel ruolo determinante per cambiare le cose, che spetta a loro.<\/p>\n<p>I dati elaborati da diverse fonti per il Congresso evidenziano due trend paralleli: crescono la consapevolezza dei cittadini e l\u2019importanza della reputazione aziendale negli acquisti ma sono troppo poche le imprese che sanno come valorizzarle.<\/p>\n<p><i>\u00abLa trasformazione sostenibile, quella vera\u00a0<\/i>\u2013 spiega\u00a0<strong>Francesco Tamburella coordinatore del\u00a0<\/strong><strong>Comitato Organizzatore\u00a0<\/strong>\u2013\u00a0<i>\u00e8 la chiave della competitivit\u00e0 perch\u00e9, come emerge da 16 ricerche\u00a0<\/i><i>realizzate tra il 2017 e il 2021, i Cittadini-Consumatori scelgono e sceglieranno sempre di pi\u00f9 sulla\u00a0<\/i><i>base del merito e dei valori, diventando meno \u201cconvincibili\u201d attraverso la pubblicit\u00e0 tradizionale, i\u00a0<\/i><i>testimonial e la rincorsa al prezzo pi\u00f9 basso. Il COVID \u00e8 stato un acceleratore che ha messo in\u00a0<\/i><i>evidenza la fragilit\u00e0 del nostro sistema. La necessit\u00e0 di equilibrio, di tutela delle risorse, di non\u00a0<\/i><i>considerare il profitto come l\u2019unico fine dell\u2019azione si sono fatte strada nella consapevolezza delle\u00a0<\/i><i>persone. I cittadini vogliono una societ\u00e0 che si prenda cura delle persone\u00bb.<\/i><\/p>\n<p>Come emerge dalle pagine della tesi congressuale, il problema reale \u00e8 che imprese e cittadini\u00a0consumatori non si sono ancora incontrati: le prime redigono<strong>\u00a0bilanci di sostenibilit\u00e0 complicati e\u00a0<\/strong><strong>spesso illeggibili,<\/strong>\u00a0i secondi non ricevono le informazioni adeguate capaci di sensibilizzarli e\u00a0renderli consapevoli a scegliere e premiare il merito. La soluzione \u00e8 far incontrare le imprese e i\u00a0cittadini-consumatori sul piano della trasformazione sostenibile, facendo uscire le prime dalla\u00a0retorica del\u00a0<strong>green-washing<\/strong>\u00a0e facendo conoscere ai secondo le buone pratiche della sostenibilit\u00e0.<\/p>\n<p>Per cogliere risultati efficaci \u00e8 necessario fare assieme alle imprese<strong>\u00a0un grandissimo sforzo di\u00a0<\/strong><strong>comunicazione per raggiungere i cittadini-consumatori<\/strong>: pi\u00f9 saranno informati, pi\u00f9 sceglieranno\u00a0secondo i meriti delle imprese, pi\u00f9 la sostenibilit\u00e0 diverr\u00e0 un valore competitivo che va ben oltre la<\/p>\n<p>tutela dell\u2019ambiente abbracciando legalit\u00e0, progresso sociale e cultura civile.\u00a0<i>\u00abLa parola Sostenibilit\u00e0 \u00e8 un paniere di significati, quindi messo da qualche parte fa la sua figura e\u00a0<\/i><i>certamente coglie qualche punto debole\u00a0<\/i>\u2013 sottolinea Francesco Tamburella \u2013\u00a0<i>Le Imprese tendono a\u00a0<\/i><i>sfruttare il concetto senza attivit\u00e0 reali e concrete; il risultato \u00e8 la strumentalizzazione del termine,\u00a0<\/i><i>degradandone la portata, distorcendone il significato, impoverendone l\u2019efficacia\u00bb<\/i>.<\/p>\n<p>Ed \u00e8 proprio con questo obiettivo che ConsumerLab ha ideato Future Respect, un Congresso per\u00a0promuovere la cultura della sostenibilit\u00e0 con l'impegno di tutto il sistema economico, per\u00a0rivedere tanto il modo di produrre quanto quello di consumare.\u00a0Future Respect ha una grande ambizione: mettere insieme i campioni della rinascita per proporre\u00a0riferimenti utili e aprire la strada a chi non vuole rimanere indietro e, allo stesso tempo, raccogliere\u00a0valutazioni per dare risposte e cercare soluzioni con cui affrontare il futuro incerto e fragile,\u00a0cominciando dalla crisi pandemica, di cui ancora non \u00e8 stata centrata la genesi e misurato l\u2019impatto.\u00a0<i>\u00abPossiamo definire sostenibile un'Impresa quando dimostra di essere solida (crea valore), per bene\u00a0<\/i><i>(crea valore senza vizi occulti, danni collaterali e rischi non calcolati, nella legalit\u00e0), lungimirante\u00a0<\/i><i>(pensa al futuro oltre che al risultato a breve) e generosa (condivide il valore creato con chi le\u00a0<\/i><i>permette di prosperare, impegnandosi nella coesione e nell'equit\u00e0 sociale); un identikit\u00a0<\/i><i>dell\u2019Impresa che abbraccer\u00e0 la trasformazione sostenibile emergendo competitiva dalla crisi del\u00a0<\/i><i>modello economico che il Covid ha accelerato ma non causato. Siamo ad una svolta che far\u00e0 la\u00a0<\/i><i>differenza sul rilancio dell\u2019economia italiana e sulla competitivit\u00e0 del made in Italy nel mondo\u00bb\u00a0<\/i>conclude Francesco Tamburella.<\/p>\n","protected":false},"excerpt":{"rendered":"<p>Alfasigma ha realizzato\u00a0il suo primo Report di Sostenibilit\u00e0 nel 2020, rendicontando volontariamente il proprio impatto nell\u2019anno precedente.<br \/>\nIl percorso intrapreso ha permesso di fotografare l\u2019impatto di Alfasigma dal punto di vista sociale, ambientale ed economico, permettendoci di\u00a0raccontarlo al Salone della CSR, alle comunit\u00e0 locali, all\u2019interno dell\u2019azienda, sui media e sui social media.<\/p>\n","protected":false},"author":4,"featured_media":3309,"comment_status":"closed","ping_status":"closed","sticky":false,"template":"","format":"standard","meta":{"_acf_changed":false,"footnotes":""},"categories":[4],"tags":[43,42],"class_list":["post-3308","post","type-post","status-publish","format-standard","has-post-thumbnail","hentry","category-responsabilita","tag-consumer-lab","tag-future-respect"],"acf":[],"yoast_head":"<!-- This site is optimized with the Yoast SEO plugin v27.3 - https:\/\/yoast.com\/product\/yoast-seo-wordpress\/ -->\n<title>Alfasigma Schweiz - Alfasigma protagonista della sostenibilit\u00e0 ai Future Respect 2021<\/title>\n<meta name=\"description\" content=\"Alfasigma ha realizzato\u00a0il suo primo Report di Sostenibilit\u00e0 nel 2020, rendicontando volontariamente il proprio impatto nell\u2019anno precedente.Il percorso intrapreso ha permesso di fotografare l\u2019impatto di Alfasigma dal punto di vista sociale, ambientale ed economico, permettendoci di\u00a0raccontarlo al Salone della CSR, alle comunit\u00e0 locali, all\u2019interno dell\u2019azienda, sui media e sui social media.\" \/>\n<meta name=\"robots\" content=\"index,follow\" \/>\n<link rel=\"canonical\" href=\"https:\/\/ch.alfasigma.com\/it\/responsabilita\/alfasigma-protagonista-della-sostenibilita-ai-future-respect-2021\/\" \/>\n<meta property=\"og:locale\" content=\"it_IT\" \/>\n<meta property=\"og:type\" content=\"article\" \/>\n<meta property=\"og:title\" content=\"Alfasigma Schweiz - Alfasigma protagonista della sostenibilit\u00e0 ai Future Respect 2021\" \/>\n<meta property=\"og:description\" content=\"Alfasigma ha realizzato\u00a0il suo primo Report di Sostenibilit\u00e0 nel 2020, rendicontando volontariamente il proprio impatto nell\u2019anno precedente.Il percorso intrapreso ha permesso di fotografare l\u2019impatto di Alfasigma dal punto di vista sociale, ambientale ed economico, permettendoci di\u00a0raccontarlo al Salone della CSR, alle comunit\u00e0 locali, all\u2019interno dell\u2019azienda, sui media e sui social media.\" \/>\n<meta property=\"og:url\" content=\"https:\/\/ch.alfasigma.com\/it\/responsabilita\/alfasigma-protagonista-della-sostenibilita-ai-future-respect-2021\/\" \/>\n<meta property=\"og:site_name\" content=\"Alfasigma Schweiz\" \/>\n<meta property=\"article:published_time\" content=\"2021-06-10T11:44:54+00:00\" \/>\n<meta property=\"og:image\" content=\"https:\/\/ch.alfasigma.com\/wp-content\/uploads\/2021\/06\/Consumer-lab-larga.jpg\" \/>\n\t<meta property=\"og:image:width\" content=\"1280\" \/>\n\t<meta property=\"og:image:height\" content=\"720\" \/>\n\t<meta property=\"og:image:type\" content=\"image\/jpeg\" \/>\n<meta name=\"author\" content=\"Corporate Communication\" \/>\n<meta name=\"twitter:card\" content=\"summary_large_image\" \/>\n<meta name=\"twitter:label1\" content=\"Written by\" \/>\n\t<meta name=\"twitter:data1\" content=\"Corporate Communication\" \/>\n\t<meta name=\"twitter:label2\" content=\"Est. reading time\" \/>\n\t<meta name=\"twitter:data2\" content=\"5 minutes\" \/>\n<script type=\"application\/ld+json\" class=\"yoast-schema-graph\">{\"@context\":\"https:\\\/\\\/schema.org\",\"@graph\":[{\"@type\":\"Article\",\"@id\":\"https:\\\/\\\/ch.alfasigma.com\\\/it\\\/responsabilita\\\/alfasigma-protagonista-della-sostenibilita-ai-future-respect-2021\\\/#article\",\"isPartOf\":{\"@id\":\"https:\\\/\\\/ch.alfasigma.com\\\/it\\\/responsabilita\\\/alfasigma-protagonista-della-sostenibilita-ai-future-respect-2021\\\/\"},\"author\":{\"name\":\"Corporate Communication\",\"@id\":\"https:\\\/\\\/ch.alfasigma.com\\\/it\\\/#\\\/schema\\\/person\\\/5bd603220a50472960f5d5765affa861\"},\"headline\":\"Alfasigma protagonista della sostenibilit\u00e0 ai Future Respect 2021\",\"datePublished\":\"2021-06-10T11:44:54+00:00\",\"mainEntityOfPage\":{\"@id\":\"https:\\\/\\\/ch.alfasigma.com\\\/it\\\/responsabilita\\\/alfasigma-protagonista-della-sostenibilita-ai-future-respect-2021\\\/\"},\"wordCount\":1116,\"image\":{\"@id\":\"https:\\\/\\\/ch.alfasigma.com\\\/it\\\/responsabilita\\\/alfasigma-protagonista-della-sostenibilita-ai-future-respect-2021\\\/#primaryimage\"},\"thumbnailUrl\":\"https:\\\/\\\/ch.alfasigma.com\\\/wp-content\\\/uploads\\\/2021\\\/06\\\/Consumer-lab-larga.jpg\",\"keywords\":[\"Consumer Lab\",\"Future Respect\"],\"articleSection\":[\"Responsabilit\u00e0\"],\"inLanguage\":\"it-CH\"},{\"@type\":\"WebPage\",\"@id\":\"https:\\\/\\\/ch.alfasigma.com\\\/it\\\/responsabilita\\\/alfasigma-protagonista-della-sostenibilita-ai-future-respect-2021\\\/\",\"url\":\"https:\\\/\\\/ch.alfasigma.com\\\/it\\\/responsabilita\\\/alfasigma-protagonista-della-sostenibilita-ai-future-respect-2021\\\/\",\"name\":\"Alfasigma Schweiz - Alfasigma protagonista della sostenibilit\u00e0 ai Future Respect 2021\",\"isPartOf\":{\"@id\":\"https:\\\/\\\/ch.alfasigma.com\\\/it\\\/#website\"},\"primaryImageOfPage\":{\"@id\":\"https:\\\/\\\/ch.alfasigma.com\\\/it\\\/responsabilita\\\/alfasigma-protagonista-della-sostenibilita-ai-future-respect-2021\\\/#primaryimage\"},\"image\":{\"@id\":\"https:\\\/\\\/ch.alfasigma.com\\\/it\\\/responsabilita\\\/alfasigma-protagonista-della-sostenibilita-ai-future-respect-2021\\\/#primaryimage\"},\"thumbnailUrl\":\"https:\\\/\\\/ch.alfasigma.com\\\/wp-content\\\/uploads\\\/2021\\\/06\\\/Consumer-lab-larga.jpg\",\"datePublished\":\"2021-06-10T11:44:54+00:00\",\"author\":{\"@id\":\"https:\\\/\\\/ch.alfasigma.com\\\/it\\\/#\\\/schema\\\/person\\\/5bd603220a50472960f5d5765affa861\"},\"description\":\"Alfasigma ha realizzato\u00a0il suo primo Report di Sostenibilit\u00e0 nel 2020, rendicontando volontariamente il proprio impatto nell\u2019anno precedente.Il percorso intrapreso ha permesso di fotografare l\u2019impatto di Alfasigma dal punto di vista sociale, ambientale ed economico, permettendoci di\u00a0raccontarlo al Salone della CSR, alle comunit\u00e0 locali, all\u2019interno dell\u2019azienda, sui media e sui social media.\",\"breadcrumb\":{\"@id\":\"https:\\\/\\\/ch.alfasigma.com\\\/it\\\/responsabilita\\\/alfasigma-protagonista-della-sostenibilita-ai-future-respect-2021\\\/#breadcrumb\"},\"inLanguage\":\"it-CH\",\"potentialAction\":[{\"@type\":\"ReadAction\",\"target\":[\"https:\\\/\\\/ch.alfasigma.com\\\/it\\\/responsabilita\\\/alfasigma-protagonista-della-sostenibilita-ai-future-respect-2021\\\/\"]}]},{\"@type\":\"ImageObject\",\"inLanguage\":\"it-CH\",\"@id\":\"https:\\\/\\\/ch.alfasigma.com\\\/it\\\/responsabilita\\\/alfasigma-protagonista-della-sostenibilita-ai-future-respect-2021\\\/#primaryimage\",\"url\":\"https:\\\/\\\/ch.alfasigma.com\\\/wp-content\\\/uploads\\\/2021\\\/06\\\/Consumer-lab-larga.jpg\",\"contentUrl\":\"https:\\\/\\\/ch.alfasigma.com\\\/wp-content\\\/uploads\\\/2021\\\/06\\\/Consumer-lab-larga.jpg\",\"width\":1280,\"height\":720},{\"@type\":\"BreadcrumbList\",\"@id\":\"https:\\\/\\\/ch.alfasigma.com\\\/it\\\/responsabilita\\\/alfasigma-protagonista-della-sostenibilita-ai-future-respect-2021\\\/#breadcrumb\",\"itemListElement\":[{\"@type\":\"ListItem\",\"position\":1,\"name\":\"Home\",\"item\":\"https:\\\/\\\/ch.alfasigma.com\\\/it\\\/\"},{\"@type\":\"ListItem\",\"position\":2,\"name\":\"Responsabilit\u00e0\",\"item\":\"https:\\\/\\\/ch.alfasigma.com\\\/it\\\/category\\\/responsabilita\\\/\"},{\"@type\":\"ListItem\",\"position\":3,\"name\":\"Alfasigma protagonista della sostenibilit\u00e0 ai Future Respect 2021\"}]},{\"@type\":\"WebSite\",\"@id\":\"https:\\\/\\\/ch.alfasigma.com\\\/it\\\/#website\",\"url\":\"https:\\\/\\\/ch.alfasigma.com\\\/it\\\/\",\"name\":\"Alfasigma Schweiz\",\"description\":\"Pharmaceuticals with passion\",\"potentialAction\":[{\"@type\":\"SearchAction\",\"target\":{\"@type\":\"EntryPoint\",\"urlTemplate\":\"https:\\\/\\\/ch.alfasigma.com\\\/it\\\/?s={search_term_string}\"},\"query-input\":{\"@type\":\"PropertyValueSpecification\",\"valueRequired\":true,\"valueName\":\"search_term_string\"}}],\"inLanguage\":\"it-CH\"},{\"@type\":\"Person\",\"@id\":\"https:\\\/\\\/ch.alfasigma.com\\\/it\\\/#\\\/schema\\\/person\\\/5bd603220a50472960f5d5765affa861\",\"name\":\"Corporate Communication\",\"image\":{\"@type\":\"ImageObject\",\"inLanguage\":\"it-CH\",\"@id\":\"https:\\\/\\\/secure.gravatar.com\\\/avatar\\\/042fcc2107b19c7891dc8dcd8f9d5753ae55897a905b16a42e80fa25bae94303?s=96&d=mm&r=g\",\"url\":\"https:\\\/\\\/secure.gravatar.com\\\/avatar\\\/042fcc2107b19c7891dc8dcd8f9d5753ae55897a905b16a42e80fa25bae94303?s=96&d=mm&r=g\",\"contentUrl\":\"https:\\\/\\\/secure.gravatar.com\\\/avatar\\\/042fcc2107b19c7891dc8dcd8f9d5753ae55897a905b16a42e80fa25bae94303?s=96&d=mm&r=g\",\"caption\":\"Corporate Communication\"}}]}<\/script>\n<!-- \/ Yoast SEO plugin. -->","yoast_head_json":{"title":"Alfasigma Schweiz - Alfasigma protagonista della sostenibilit\u00e0 ai Future Respect 2021","description":"Alfasigma ha realizzato\u00a0il suo primo Report di Sostenibilit\u00e0 nel 2020, rendicontando volontariamente il proprio impatto nell\u2019anno precedente.Il percorso intrapreso ha permesso di fotografare l\u2019impatto di Alfasigma dal punto di vista sociale, ambientale ed economico, permettendoci di\u00a0raccontarlo al Salone della CSR, alle comunit\u00e0 locali, all\u2019interno dell\u2019azienda, sui media e sui social media.","robots":{"index,follow":"index,follow"},"canonical":"https:\/\/ch.alfasigma.com\/it\/responsabilita\/alfasigma-protagonista-della-sostenibilita-ai-future-respect-2021\/","og_locale":"it_IT","og_type":"article","og_title":"Alfasigma Schweiz - Alfasigma protagonista della sostenibilit\u00e0 ai Future Respect 2021","og_description":"Alfasigma ha realizzato\u00a0il suo primo Report di Sostenibilit\u00e0 nel 2020, rendicontando volontariamente il proprio impatto nell\u2019anno precedente.Il percorso intrapreso ha permesso di fotografare l\u2019impatto di Alfasigma dal punto di vista sociale, ambientale ed economico, permettendoci di\u00a0raccontarlo al Salone della CSR, alle comunit\u00e0 locali, all\u2019interno dell\u2019azienda, sui media e sui social media.","og_url":"https:\/\/ch.alfasigma.com\/it\/responsabilita\/alfasigma-protagonista-della-sostenibilita-ai-future-respect-2021\/","og_site_name":"Alfasigma Schweiz","article_published_time":"2021-06-10T11:44:54+00:00","og_image":[{"width":1280,"height":720,"url":"https:\/\/ch.alfasigma.com\/wp-content\/uploads\/2021\/06\/Consumer-lab-larga.jpg","type":"image\/jpeg"}],"author":"Corporate Communication","twitter_card":"summary_large_image","twitter_misc":{"Written by":"Corporate Communication","Est. reading time":"5 minutes"},"schema":{"@context":"https:\/\/schema.org","@graph":[{"@type":"Article","@id":"https:\/\/ch.alfasigma.com\/it\/responsabilita\/alfasigma-protagonista-della-sostenibilita-ai-future-respect-2021\/#article","isPartOf":{"@id":"https:\/\/ch.alfasigma.com\/it\/responsabilita\/alfasigma-protagonista-della-sostenibilita-ai-future-respect-2021\/"},"author":{"name":"Corporate Communication","@id":"https:\/\/ch.alfasigma.com\/it\/#\/schema\/person\/5bd603220a50472960f5d5765affa861"},"headline":"Alfasigma protagonista della sostenibilit\u00e0 ai Future Respect 2021","datePublished":"2021-06-10T11:44:54+00:00","mainEntityOfPage":{"@id":"https:\/\/ch.alfasigma.com\/it\/responsabilita\/alfasigma-protagonista-della-sostenibilita-ai-future-respect-2021\/"},"wordCount":1116,"image":{"@id":"https:\/\/ch.alfasigma.com\/it\/responsabilita\/alfasigma-protagonista-della-sostenibilita-ai-future-respect-2021\/#primaryimage"},"thumbnailUrl":"https:\/\/ch.alfasigma.com\/wp-content\/uploads\/2021\/06\/Consumer-lab-larga.jpg","keywords":["Consumer Lab","Future Respect"],"articleSection":["Responsabilit\u00e0"],"inLanguage":"it-CH"},{"@type":"WebPage","@id":"https:\/\/ch.alfasigma.com\/it\/responsabilita\/alfasigma-protagonista-della-sostenibilita-ai-future-respect-2021\/","url":"https:\/\/ch.alfasigma.com\/it\/responsabilita\/alfasigma-protagonista-della-sostenibilita-ai-future-respect-2021\/","name":"Alfasigma Schweiz - Alfasigma protagonista della sostenibilit\u00e0 ai Future Respect 2021","isPartOf":{"@id":"https:\/\/ch.alfasigma.com\/it\/#website"},"primaryImageOfPage":{"@id":"https:\/\/ch.alfasigma.com\/it\/responsabilita\/alfasigma-protagonista-della-sostenibilita-ai-future-respect-2021\/#primaryimage"},"image":{"@id":"https:\/\/ch.alfasigma.com\/it\/responsabilita\/alfasigma-protagonista-della-sostenibilita-ai-future-respect-2021\/#primaryimage"},"thumbnailUrl":"https:\/\/ch.alfasigma.com\/wp-content\/uploads\/2021\/06\/Consumer-lab-larga.jpg","datePublished":"2021-06-10T11:44:54+00:00","author":{"@id":"https:\/\/ch.alfasigma.com\/it\/#\/schema\/person\/5bd603220a50472960f5d5765affa861"},"description":"Alfasigma ha realizzato\u00a0il suo primo Report di Sostenibilit\u00e0 nel 2020, rendicontando volontariamente il proprio impatto nell\u2019anno precedente.Il percorso intrapreso ha permesso di fotografare l\u2019impatto di Alfasigma dal punto di vista sociale, ambientale ed economico, permettendoci di\u00a0raccontarlo al Salone della CSR, alle comunit\u00e0 locali, all\u2019interno dell\u2019azienda, sui media e sui social media.","breadcrumb":{"@id":"https:\/\/ch.alfasigma.com\/it\/responsabilita\/alfasigma-protagonista-della-sostenibilita-ai-future-respect-2021\/#breadcrumb"},"inLanguage":"it-CH","potentialAction":[{"@type":"ReadAction","target":["https:\/\/ch.alfasigma.com\/it\/responsabilita\/alfasigma-protagonista-della-sostenibilita-ai-future-respect-2021\/"]}]},{"@type":"ImageObject","inLanguage":"it-CH","@id":"https:\/\/ch.alfasigma.com\/it\/responsabilita\/alfasigma-protagonista-della-sostenibilita-ai-future-respect-2021\/#primaryimage","url":"https:\/\/ch.alfasigma.com\/wp-content\/uploads\/2021\/06\/Consumer-lab-larga.jpg","contentUrl":"https:\/\/ch.alfasigma.com\/wp-content\/uploads\/2021\/06\/Consumer-lab-larga.jpg","width":1280,"height":720},{"@type":"BreadcrumbList","@id":"https:\/\/ch.alfasigma.com\/it\/responsabilita\/alfasigma-protagonista-della-sostenibilita-ai-future-respect-2021\/#breadcrumb","itemListElement":[{"@type":"ListItem","position":1,"name":"Home","item":"https:\/\/ch.alfasigma.com\/it\/"},{"@type":"ListItem","position":2,"name":"Responsabilit\u00e0","item":"https:\/\/ch.alfasigma.com\/it\/category\/responsabilita\/"},{"@type":"ListItem","position":3,"name":"Alfasigma protagonista della sostenibilit\u00e0 ai Future Respect 2021"}]},{"@type":"WebSite","@id":"https:\/\/ch.alfasigma.com\/it\/#website","url":"https:\/\/ch.alfasigma.com\/it\/","name":"Alfasigma Schweiz","description":"Pharmaceuticals with passion","potentialAction":[{"@type":"SearchAction","target":{"@type":"EntryPoint","urlTemplate":"https:\/\/ch.alfasigma.com\/it\/?s={search_term_string}"},"query-input":{"@type":"PropertyValueSpecification","valueRequired":true,"valueName":"search_term_string"}}],"inLanguage":"it-CH"},{"@type":"Person","@id":"https:\/\/ch.alfasigma.com\/it\/#\/schema\/person\/5bd603220a50472960f5d5765affa861","name":"Corporate Communication","image":{"@type":"ImageObject","inLanguage":"it-CH","@id":"https:\/\/secure.gravatar.com\/avatar\/042fcc2107b19c7891dc8dcd8f9d5753ae55897a905b16a42e80fa25bae94303?s=96&d=mm&r=g","url":"https:\/\/secure.gravatar.com\/avatar\/042fcc2107b19c7891dc8dcd8f9d5753ae55897a905b16a42e80fa25bae94303?s=96&d=mm&r=g","contentUrl":"https:\/\/secure.gravatar.com\/avatar\/042fcc2107b19c7891dc8dcd8f9d5753ae55897a905b16a42e80fa25bae94303?s=96&d=mm&r=g","caption":"Corporate Communication"}}]}},"_links":{"self":[{"href":"https:\/\/ch.alfasigma.com\/it\/wp-json\/wp\/v2\/posts\/3308","targetHints":{"allow":["GET"]}}],"collection":[{"href":"https:\/\/ch.alfasigma.com\/it\/wp-json\/wp\/v2\/posts"}],"about":[{"href":"https:\/\/ch.alfasigma.com\/it\/wp-json\/wp\/v2\/types\/post"}],"author":[{"embeddable":true,"href":"https:\/\/ch.alfasigma.com\/it\/wp-json\/wp\/v2\/users\/4"}],"replies":[{"embeddable":true,"href":"https:\/\/ch.alfasigma.com\/it\/wp-json\/wp\/v2\/comments?post=3308"}],"version-history":[{"count":0,"href":"https:\/\/ch.alfasigma.com\/it\/wp-json\/wp\/v2\/posts\/3308\/revisions"}],"wp:featuredmedia":[{"embeddable":true,"href":"https:\/\/ch.alfasigma.com\/it\/wp-json\/wp\/v2\/media\/3309"}],"wp:attachment":[{"href":"https:\/\/ch.alfasigma.com\/it\/wp-json\/wp\/v2\/media?parent=3308"}],"wp:term":[{"taxonomy":"category","embeddable":true,"href":"https:\/\/ch.alfasigma.com\/it\/wp-json\/wp\/v2\/categories?post=3308"},{"taxonomy":"post_tag","embeddable":true,"href":"https:\/\/ch.alfasigma.com\/it\/wp-json\/wp\/v2\/tags?post=3308"}],"curies":[{"name":"wp","href":"https:\/\/api.w.org\/{rel}","templated":true}]}}