{"id":3583,"date":"2021-09-15T12:16:59","date_gmt":"2021-09-15T12:16:59","guid":{"rendered":"https:\/\/ch.alfasigma.com\/?p=3583"},"modified":"2021-09-15T12:19:08","modified_gmt":"2021-09-15T12:19:08","slug":"inaugurato-a-pomezia-il-labio-4-0-marino-golinelli","status":"publish","type":"post","link":"https:\/\/ch.alfasigma.com\/it\/ricerca\/inaugurato-a-pomezia-il-labio-4-0-marino-golinelli\/","title":{"rendered":"Inaugurato a Pomezia il LABIO 4.0 Marino Golinelli"},"content":{"rendered":"<p><strong>Ieri a Pomezia\u00a0<\/strong>\u00e8 stato celebrato l\u2019evento di inaugurazione\u00a0(<a title=\"https:\/\/www.facebook.com\/AlfasigmaSPA\/videos\/4465975010126015\" href=\"https:\/\/www.facebook.com\/AlfasigmaSPA\/videos\/4465975010126015\" data-cke-saved-href=\"https:\/\/www.facebook.com\/AlfasigmaSPA\/videos\/4465975010126015\" data-interception=\"on\">RIVEDI QUI SULLA PAGINA FACEBOOK DI ALFASIGMA<\/a>\u200b\u200b\u200b\u200b\u200b\u200b\u200b)\u00a0con il taglio del nastro e un evento che ha ospitato numerosi ospiti esterni tra giornalisti, clinici, associazioni pazienti, industriali e rappresentanti\u00a0delle istituzioni, alla presenza dello stesso fondatore,\u00a0<strong>Marino Golinelli\u00a0<\/strong>cui \u00e8 stato intitolato il centro. Dopo la presentazione da parte del top management di Alfasigma con<strong>\u00a0Pier Vincenzo Colli, Giampaolo Girotti<\/strong>\u00a0e\u00a0<strong>Stefano Golinelli<\/strong>\u00a0si \u00e8 tenuto un talk show su Innovazione e Salute. Il dibattito ha ospitato, moderati dalla giornalista\u00a0<strong>Margherita Lopes, Enrica Giorgetti,<\/strong><b>\u00a0<\/b>Direttore Generale di Farmindustria,<b>\u00a0Giuseppe Ippolito<\/b>, neo Direttore della Ricerca del Ministero della salute,\u00a0<b>Giovanni Tria,\u00a0<\/b>Consigliere economico del MISE e Emilio Merlo Pich di Alfasigma. Interventi molto apprezzati anche quelli di\u00a0<b>Beatrice Lorenzin<\/b>,<b>\u00a0<\/b>Deputata e gi\u00e0 Ministro della Salute,\u00a0<b>Nicola Zingaretti<\/b>, Presidente della Regione Lazio,\u00a0<b>Alessio D\u2019Amato<\/b>\u00a0e il sindaco di Pomezia<b>\u00a0Adriano Zuccal\u00e0<\/b>.<\/p>\n<p>Il presidente del Consiglio,\u00a0<b>Mario Draghi<\/b>, ha cos\u00ec salutato il progetto in una lettera di augurio: \u201c<i>La decisione di investire nella ricerca e nell\u2019innovazione tecnologica in Italia \u00e8 quel che l\u2019intero Paese chiede alle sue menti pi\u00f9 innovative.<\/i>\u201d\u00a0<i>\u201cII centro di ricerca e sviluppo di Pomezia, LABIO 4.0, \u00e8 stato intestato al nostro fondatore, Marino Golinelli\u00a0<\/i>\u2013 ha dichiarato l\u2019ingegner\u00a0<b>Stefano Golinelli<\/b>, presidente di Alfasigma \u2013\u00a0<i>perch\u00e9 ci ha insegnato e ci insegna ancora oggi, a oltre 100 anni, ad avere fiducia nel futuro e nell\u2019innovazione. Noi crediamo nella ricerca farmaceutica e in questa storia di successo tutta italiana: lo dimostriamo con il nostro investimento in R&amp;D, ma anche con il potenziamento degli impianti produttivi e nell\u2019acquisizione di nuove molecole e nuovi progetti.\u201d<\/i><\/p>\n<p>All\u2019interno del neonato centro polivalente sono presenti i\u00a0<b>laboratori di Sviluppo di formulazioni innovative, i laboratori di Chimica analitica<\/b>\u00a0e il nuovo\u00a0<b>Impianto Pilota,\u00a0<\/b>cui si aggiungeranno i laboratori di\u00a0<b>biotecnologie e nanotecnologie.\u00a0<\/b>Proprio questo impianto rappresenta una delle peculiarit\u00e0 di LABIO 4.0: \u00e8 in grado di calibrare produzioni di lotti clinici-sperimentali per nuove specialit\u00e0 in forma orale (granulati, compresse rivestite e non, capsule, cronoidi\/minitabs) operando su una scala intermedia tra il Kilolab (la dimensione del laboratorio di sviluppo tecnologico) e la produzione semi-industriale. Attraverso il nuovo Impianto Pilota, sar\u00e0 possibile accelerare gli step intermedi tra la fase ideativa e quella realizzativa, cio\u00e8 eseguire micro-produzioni con forme farmaceutiche innovative in\u00a0<b>Scale-Up<\/b>\u00a0(scalabilit\u00e0 da piccolo a grande) e in\u00a0<b>Scale-Down<\/b>\u00a0(scalabilit\u00e0 da grande a piccolo) sfruttando appunto le potenzialit\u00e0 della scala intermedia.\u00a0L\u2019obiettivo \u00e8 di ottimizzare i processi esistenti, caratterizzare al meglio quelli sviluppati nei laboratori tecnologici prima della fase di industrializzazione, con un conseguente impatto in termini di risorse e tempistiche.<\/p>\n<h2><strong>Guarda il Video del LABIO 4.0 Marino Golinelli\u00a0<\/strong><\/h2>\n<p><iframe title=\"YouTube video player\" src=\"https:\/\/www.youtube.com\/embed\/8CLbhs3EyKE\" width=\"560\" height=\"315\" frameborder=\"0\" allowfullscreen=\"allowfullscreen\"><\/iframe><\/p>\n<p>Il dipartimento di Ricerca e Sviluppo dell\u2019azienda impiega\u00a0<b>138 ricercatori<\/b>, di cui la maggioranza donne (86 ricercatrici e 52 ricercatori). LABIO 4.0 ospita circa la met\u00e0 di questi che sono distribuiti nei centri R&amp;D di Pomezia e Bologna.<\/p>\n<p><i>\u201cAlfasigma ha recentemente iniziato l\u2019aggiornamento della pipeline di ricerca per nuovi prodotti, sia massimizzando il know-how interno nell\u2019area gastroenterologica sia previlegiando partnership selezionate per gli aspetti innovativi e di frontiera.\u201d\u00a0<\/i>ha commentato il direttore della Ricerca e Sviluppo,<b>\u00a0Emilio Merlo Pich.<\/b><i>\u00a0\u201cPer esempio, abbiamo in sviluppo alcuni progetti indirizzati al microbiota intestinale, un\u2019area in cui Alfasigma \u00e8 gi\u00e0 presente con la rifaximina, e altri progetti innovativi basati sull\u2019uso di prodotti biotech e nanotecnologici, con un forte interesse nell\u2019area delle malattie rare gastroenteriche e neurologiche. Tali attivit\u00e0 sono supportate da piattaforme di ricerca esternalizzate, come ad esempio il Microbioma Lab, recentemente creato da Alfasigma con l\u2019Humanitas di Milano, o la star-up Novavido, realizzata con l\u2019Istituto Italiano di Tecnologia.\u201d\u00a0<\/i><\/p>\n<div>\n<h3 id=\"open-innovation-e-valorizzazione-dei-giovani-talenti-gli-ingredienti-dell\u2019alfathon-day\">Open innovation e valorizzazione dei giovani talenti: gli ingredienti dell\u2019Alfathon Day<\/h3>\n<p>&nbsp;<\/p>\n<\/div>\n<p>Alla vigilia dell\u2019inaugurazione di\u00a0<b>LABIO 4.0 Marino Golinelli<\/b>, Alfasigma ha dedicato un\u2019intera giornata all\u2019open innovation e alla valorizzazione dei giovani talenti, sia interni che esterni all\u2019azienda. Ieri, infatti, si \u00e8 tenuto\u00a0<b>l\u2019Alfathon Day<\/b>, un pomeriggio di talk su innovazione e salute con professionisti che si \u00e8 concluso con la premiazione di\u00a0<b>Alfathon, il primo hackathon di Alfasigma<\/b>. Tra gli oltre 40 team provenienti da pi\u00f9 di 10 Paesi del mondo che hanno proposto soluzioni innovative nell\u2019ambito di tre sfide nel campo della ricerca e dell\u2019innovazione farmaceutica, si \u00e8 aggiudicato il primo premio un gruppo di lavoro tutto spagnolo<b>. Lluis Pascual Masi\u00e1,\u00a0<\/b>PhD in Medicines and Health all\u2019Universit\u00e0 di Navarra,<b>\u00a0Irene Santos Mart\u00ednez e Maria Cholvi Sim\u00f3,<\/b>\u00a0studentesse di farmacia all\u2019 Universit\u00e0 di Valencia, hanno presentato\u00a0<b>SituGel<\/b>\u00a0che\u00a0risponde alla necessit\u00e0 di sviluppare una piattaforma formulativa in grado di garantire una liberazione prolungata del principio attivo, massimizzando cos\u00ec la sua azione terapeutica. Alfasigma ha consegnato al team un assegno da 5.000 euro da investire nel progetto. A seguire \u00e8 stato premiato anche il vincitore dell\u2019<b>#OurAlfathon<\/b>, l\u2019hackathon interno all\u2019azienda che ha visto la partecipazione di circa un centinaio di colleghi provenienti dalle 17 filiali nel mondo.<\/p>\n","protected":false},"excerpt":{"rendered":"<p>Nuovo centro polivalente di Ricerca &#038; Sviluppo intitolato al fondatore<br \/>\nIeri l\u2019evento pubblico e luned\u00ec Alfathon Day. Due giorni dedicati all\u2019innovazione e alla ricerca con ospiti<\/p>\n","protected":false},"author":4,"featured_media":3584,"comment_status":"closed","ping_status":"closed","sticky":false,"template":"","format":"standard","meta":{"_acf_changed":false,"footnotes":""},"categories":[8],"tags":[31,63,61,59,62,60],"class_list":["post-3583","post","type-post","status-publish","format-standard","has-post-thumbnail","hentry","category-ricerca","tag-alfathon","tag-innovation","tag-innovazione","tag-labio","tag-passione-per-la-ricerca","tag-pomezia"],"acf":[],"yoast_head":"<!-- This site is optimized with the Yoast SEO plugin v27.3 - https:\/\/yoast.com\/product\/yoast-seo-wordpress\/ -->\n<title>Alfasigma Schweiz - Inaugurato a Pomezia il LABIO 4.0 Marino Golinelli<\/title>\n<meta name=\"description\" content=\"Nuovo centro polivalente di Ricerca &amp; Sviluppo intitolato al fondatoreIeri l\u2019evento pubblico e luned\u00ec Alfathon Day. Due giorni dedicati all\u2019innovazione e alla ricerca con ospiti\" \/>\n<meta name=\"robots\" content=\"index,follow\" \/>\n<link rel=\"canonical\" href=\"https:\/\/ch.alfasigma.com\/it\/ricerca\/inaugurato-a-pomezia-il-labio-4-0-marino-golinelli\/\" \/>\n<meta property=\"og:locale\" content=\"it_IT\" \/>\n<meta property=\"og:type\" content=\"article\" \/>\n<meta property=\"og:title\" content=\"Alfasigma Schweiz - Inaugurato a Pomezia il LABIO 4.0 Marino Golinelli\" \/>\n<meta property=\"og:description\" content=\"Nuovo centro polivalente di Ricerca &amp; Sviluppo intitolato al fondatoreIeri l\u2019evento pubblico e luned\u00ec Alfathon Day. Due giorni dedicati all\u2019innovazione e alla ricerca con ospiti\" \/>\n<meta property=\"og:url\" content=\"https:\/\/ch.alfasigma.com\/it\/ricerca\/inaugurato-a-pomezia-il-labio-4-0-marino-golinelli\/\" \/>\n<meta property=\"og:site_name\" content=\"Alfasigma Schweiz\" \/>\n<meta property=\"article:published_time\" content=\"2021-09-15T12:16:59+00:00\" \/>\n<meta property=\"article:modified_time\" content=\"2021-09-15T12:19:08+00:00\" \/>\n<meta property=\"og:image\" content=\"https:\/\/ch.alfasigma.com\/wp-content\/uploads\/2021\/09\/taglio-del-nastro-2-scaled.jpg\" \/>\n\t<meta property=\"og:image:width\" content=\"2560\" \/>\n\t<meta property=\"og:image:height\" content=\"1707\" \/>\n\t<meta property=\"og:image:type\" content=\"image\/jpeg\" \/>\n<meta name=\"author\" content=\"Corporate Communication\" \/>\n<meta name=\"twitter:card\" content=\"summary_large_image\" \/>\n<meta name=\"twitter:label1\" content=\"Written by\" \/>\n\t<meta name=\"twitter:data1\" content=\"Corporate Communication\" \/>\n\t<meta name=\"twitter:label2\" content=\"Est. reading time\" \/>\n\t<meta name=\"twitter:data2\" content=\"4 minutes\" \/>\n<script type=\"application\/ld+json\" class=\"yoast-schema-graph\">{\"@context\":\"https:\\\/\\\/schema.org\",\"@graph\":[{\"@type\":\"Article\",\"@id\":\"https:\\\/\\\/ch.alfasigma.com\\\/it\\\/ricerca\\\/inaugurato-a-pomezia-il-labio-4-0-marino-golinelli\\\/#article\",\"isPartOf\":{\"@id\":\"https:\\\/\\\/ch.alfasigma.com\\\/it\\\/ricerca\\\/inaugurato-a-pomezia-il-labio-4-0-marino-golinelli\\\/\"},\"author\":{\"name\":\"Corporate Communication\",\"@id\":\"https:\\\/\\\/ch.alfasigma.com\\\/it\\\/#\\\/schema\\\/person\\\/5bd603220a50472960f5d5765affa861\"},\"headline\":\"Inaugurato a Pomezia il LABIO 4.0 Marino Golinelli\",\"datePublished\":\"2021-09-15T12:16:59+00:00\",\"dateModified\":\"2021-09-15T12:19:08+00:00\",\"mainEntityOfPage\":{\"@id\":\"https:\\\/\\\/ch.alfasigma.com\\\/it\\\/ricerca\\\/inaugurato-a-pomezia-il-labio-4-0-marino-golinelli\\\/\"},\"wordCount\":816,\"image\":{\"@id\":\"https:\\\/\\\/ch.alfasigma.com\\\/it\\\/ricerca\\\/inaugurato-a-pomezia-il-labio-4-0-marino-golinelli\\\/#primaryimage\"},\"thumbnailUrl\":\"https:\\\/\\\/ch.alfasigma.com\\\/wp-content\\\/uploads\\\/2021\\\/09\\\/taglio-del-nastro-2-scaled.jpg\",\"keywords\":[\"Alfathon\",\"Innovation\",\"Innovazione\",\"LABIO\",\"Passione per la ricerca\",\"Pomezia\"],\"articleSection\":[\"Ricerca\"],\"inLanguage\":\"it-CH\"},{\"@type\":\"WebPage\",\"@id\":\"https:\\\/\\\/ch.alfasigma.com\\\/it\\\/ricerca\\\/inaugurato-a-pomezia-il-labio-4-0-marino-golinelli\\\/\",\"url\":\"https:\\\/\\\/ch.alfasigma.com\\\/it\\\/ricerca\\\/inaugurato-a-pomezia-il-labio-4-0-marino-golinelli\\\/\",\"name\":\"Alfasigma Schweiz - Inaugurato a Pomezia il LABIO 4.0 Marino Golinelli\",\"isPartOf\":{\"@id\":\"https:\\\/\\\/ch.alfasigma.com\\\/it\\\/#website\"},\"primaryImageOfPage\":{\"@id\":\"https:\\\/\\\/ch.alfasigma.com\\\/it\\\/ricerca\\\/inaugurato-a-pomezia-il-labio-4-0-marino-golinelli\\\/#primaryimage\"},\"image\":{\"@id\":\"https:\\\/\\\/ch.alfasigma.com\\\/it\\\/ricerca\\\/inaugurato-a-pomezia-il-labio-4-0-marino-golinelli\\\/#primaryimage\"},\"thumbnailUrl\":\"https:\\\/\\\/ch.alfasigma.com\\\/wp-content\\\/uploads\\\/2021\\\/09\\\/taglio-del-nastro-2-scaled.jpg\",\"datePublished\":\"2021-09-15T12:16:59+00:00\",\"dateModified\":\"2021-09-15T12:19:08+00:00\",\"author\":{\"@id\":\"https:\\\/\\\/ch.alfasigma.com\\\/it\\\/#\\\/schema\\\/person\\\/5bd603220a50472960f5d5765affa861\"},\"description\":\"Nuovo centro polivalente di Ricerca & Sviluppo intitolato al fondatoreIeri l\u2019evento pubblico e luned\u00ec Alfathon Day. Due giorni dedicati all\u2019innovazione e alla ricerca con ospiti\",\"breadcrumb\":{\"@id\":\"https:\\\/\\\/ch.alfasigma.com\\\/it\\\/ricerca\\\/inaugurato-a-pomezia-il-labio-4-0-marino-golinelli\\\/#breadcrumb\"},\"inLanguage\":\"it-CH\",\"potentialAction\":[{\"@type\":\"ReadAction\",\"target\":[\"https:\\\/\\\/ch.alfasigma.com\\\/it\\\/ricerca\\\/inaugurato-a-pomezia-il-labio-4-0-marino-golinelli\\\/\"]}]},{\"@type\":\"ImageObject\",\"inLanguage\":\"it-CH\",\"@id\":\"https:\\\/\\\/ch.alfasigma.com\\\/it\\\/ricerca\\\/inaugurato-a-pomezia-il-labio-4-0-marino-golinelli\\\/#primaryimage\",\"url\":\"https:\\\/\\\/ch.alfasigma.com\\\/wp-content\\\/uploads\\\/2021\\\/09\\\/taglio-del-nastro-2-scaled.jpg\",\"contentUrl\":\"https:\\\/\\\/ch.alfasigma.com\\\/wp-content\\\/uploads\\\/2021\\\/09\\\/taglio-del-nastro-2-scaled.jpg\",\"width\":2560,\"height\":1707},{\"@type\":\"BreadcrumbList\",\"@id\":\"https:\\\/\\\/ch.alfasigma.com\\\/it\\\/ricerca\\\/inaugurato-a-pomezia-il-labio-4-0-marino-golinelli\\\/#breadcrumb\",\"itemListElement\":[{\"@type\":\"ListItem\",\"position\":1,\"name\":\"Home\",\"item\":\"https:\\\/\\\/ch.alfasigma.com\\\/it\\\/\"},{\"@type\":\"ListItem\",\"position\":2,\"name\":\"Ricerca\",\"item\":\"https:\\\/\\\/ch.alfasigma.com\\\/it\\\/category\\\/ricerca\\\/\"},{\"@type\":\"ListItem\",\"position\":3,\"name\":\"Inaugurato a Pomezia il LABIO 4.0 Marino Golinelli\"}]},{\"@type\":\"WebSite\",\"@id\":\"https:\\\/\\\/ch.alfasigma.com\\\/it\\\/#website\",\"url\":\"https:\\\/\\\/ch.alfasigma.com\\\/it\\\/\",\"name\":\"Alfasigma Schweiz\",\"description\":\"Pharmaceuticals with passion\",\"potentialAction\":[{\"@type\":\"SearchAction\",\"target\":{\"@type\":\"EntryPoint\",\"urlTemplate\":\"https:\\\/\\\/ch.alfasigma.com\\\/it\\\/?s={search_term_string}\"},\"query-input\":{\"@type\":\"PropertyValueSpecification\",\"valueRequired\":true,\"valueName\":\"search_term_string\"}}],\"inLanguage\":\"it-CH\"},{\"@type\":\"Person\",\"@id\":\"https:\\\/\\\/ch.alfasigma.com\\\/it\\\/#\\\/schema\\\/person\\\/5bd603220a50472960f5d5765affa861\",\"name\":\"Corporate Communication\",\"image\":{\"@type\":\"ImageObject\",\"inLanguage\":\"it-CH\",\"@id\":\"https:\\\/\\\/secure.gravatar.com\\\/avatar\\\/042fcc2107b19c7891dc8dcd8f9d5753ae55897a905b16a42e80fa25bae94303?s=96&d=mm&r=g\",\"url\":\"https:\\\/\\\/secure.gravatar.com\\\/avatar\\\/042fcc2107b19c7891dc8dcd8f9d5753ae55897a905b16a42e80fa25bae94303?s=96&d=mm&r=g\",\"contentUrl\":\"https:\\\/\\\/secure.gravatar.com\\\/avatar\\\/042fcc2107b19c7891dc8dcd8f9d5753ae55897a905b16a42e80fa25bae94303?s=96&d=mm&r=g\",\"caption\":\"Corporate Communication\"}}]}<\/script>\n<!-- \/ Yoast SEO plugin. -->","yoast_head_json":{"title":"Alfasigma Schweiz - Inaugurato a Pomezia il LABIO 4.0 Marino Golinelli","description":"Nuovo centro polivalente di Ricerca & Sviluppo intitolato al fondatoreIeri l\u2019evento pubblico e luned\u00ec Alfathon Day. Due giorni dedicati all\u2019innovazione e alla ricerca con ospiti","robots":{"index,follow":"index,follow"},"canonical":"https:\/\/ch.alfasigma.com\/it\/ricerca\/inaugurato-a-pomezia-il-labio-4-0-marino-golinelli\/","og_locale":"it_IT","og_type":"article","og_title":"Alfasigma Schweiz - Inaugurato a Pomezia il LABIO 4.0 Marino Golinelli","og_description":"Nuovo centro polivalente di Ricerca & Sviluppo intitolato al fondatoreIeri l\u2019evento pubblico e luned\u00ec Alfathon Day. Due giorni dedicati all\u2019innovazione e alla ricerca con ospiti","og_url":"https:\/\/ch.alfasigma.com\/it\/ricerca\/inaugurato-a-pomezia-il-labio-4-0-marino-golinelli\/","og_site_name":"Alfasigma Schweiz","article_published_time":"2021-09-15T12:16:59+00:00","article_modified_time":"2021-09-15T12:19:08+00:00","og_image":[{"width":2560,"height":1707,"url":"https:\/\/ch.alfasigma.com\/wp-content\/uploads\/2021\/09\/taglio-del-nastro-2-scaled.jpg","type":"image\/jpeg"}],"author":"Corporate Communication","twitter_card":"summary_large_image","twitter_misc":{"Written by":"Corporate Communication","Est. reading time":"4 minutes"},"schema":{"@context":"https:\/\/schema.org","@graph":[{"@type":"Article","@id":"https:\/\/ch.alfasigma.com\/it\/ricerca\/inaugurato-a-pomezia-il-labio-4-0-marino-golinelli\/#article","isPartOf":{"@id":"https:\/\/ch.alfasigma.com\/it\/ricerca\/inaugurato-a-pomezia-il-labio-4-0-marino-golinelli\/"},"author":{"name":"Corporate Communication","@id":"https:\/\/ch.alfasigma.com\/it\/#\/schema\/person\/5bd603220a50472960f5d5765affa861"},"headline":"Inaugurato a Pomezia il LABIO 4.0 Marino Golinelli","datePublished":"2021-09-15T12:16:59+00:00","dateModified":"2021-09-15T12:19:08+00:00","mainEntityOfPage":{"@id":"https:\/\/ch.alfasigma.com\/it\/ricerca\/inaugurato-a-pomezia-il-labio-4-0-marino-golinelli\/"},"wordCount":816,"image":{"@id":"https:\/\/ch.alfasigma.com\/it\/ricerca\/inaugurato-a-pomezia-il-labio-4-0-marino-golinelli\/#primaryimage"},"thumbnailUrl":"https:\/\/ch.alfasigma.com\/wp-content\/uploads\/2021\/09\/taglio-del-nastro-2-scaled.jpg","keywords":["Alfathon","Innovation","Innovazione","LABIO","Passione per la ricerca","Pomezia"],"articleSection":["Ricerca"],"inLanguage":"it-CH"},{"@type":"WebPage","@id":"https:\/\/ch.alfasigma.com\/it\/ricerca\/inaugurato-a-pomezia-il-labio-4-0-marino-golinelli\/","url":"https:\/\/ch.alfasigma.com\/it\/ricerca\/inaugurato-a-pomezia-il-labio-4-0-marino-golinelli\/","name":"Alfasigma Schweiz - Inaugurato a Pomezia il LABIO 4.0 Marino Golinelli","isPartOf":{"@id":"https:\/\/ch.alfasigma.com\/it\/#website"},"primaryImageOfPage":{"@id":"https:\/\/ch.alfasigma.com\/it\/ricerca\/inaugurato-a-pomezia-il-labio-4-0-marino-golinelli\/#primaryimage"},"image":{"@id":"https:\/\/ch.alfasigma.com\/it\/ricerca\/inaugurato-a-pomezia-il-labio-4-0-marino-golinelli\/#primaryimage"},"thumbnailUrl":"https:\/\/ch.alfasigma.com\/wp-content\/uploads\/2021\/09\/taglio-del-nastro-2-scaled.jpg","datePublished":"2021-09-15T12:16:59+00:00","dateModified":"2021-09-15T12:19:08+00:00","author":{"@id":"https:\/\/ch.alfasigma.com\/it\/#\/schema\/person\/5bd603220a50472960f5d5765affa861"},"description":"Nuovo centro polivalente di Ricerca & Sviluppo intitolato al fondatoreIeri l\u2019evento pubblico e luned\u00ec Alfathon Day. Due giorni dedicati all\u2019innovazione e alla ricerca con ospiti","breadcrumb":{"@id":"https:\/\/ch.alfasigma.com\/it\/ricerca\/inaugurato-a-pomezia-il-labio-4-0-marino-golinelli\/#breadcrumb"},"inLanguage":"it-CH","potentialAction":[{"@type":"ReadAction","target":["https:\/\/ch.alfasigma.com\/it\/ricerca\/inaugurato-a-pomezia-il-labio-4-0-marino-golinelli\/"]}]},{"@type":"ImageObject","inLanguage":"it-CH","@id":"https:\/\/ch.alfasigma.com\/it\/ricerca\/inaugurato-a-pomezia-il-labio-4-0-marino-golinelli\/#primaryimage","url":"https:\/\/ch.alfasigma.com\/wp-content\/uploads\/2021\/09\/taglio-del-nastro-2-scaled.jpg","contentUrl":"https:\/\/ch.alfasigma.com\/wp-content\/uploads\/2021\/09\/taglio-del-nastro-2-scaled.jpg","width":2560,"height":1707},{"@type":"BreadcrumbList","@id":"https:\/\/ch.alfasigma.com\/it\/ricerca\/inaugurato-a-pomezia-il-labio-4-0-marino-golinelli\/#breadcrumb","itemListElement":[{"@type":"ListItem","position":1,"name":"Home","item":"https:\/\/ch.alfasigma.com\/it\/"},{"@type":"ListItem","position":2,"name":"Ricerca","item":"https:\/\/ch.alfasigma.com\/it\/category\/ricerca\/"},{"@type":"ListItem","position":3,"name":"Inaugurato a Pomezia il LABIO 4.0 Marino Golinelli"}]},{"@type":"WebSite","@id":"https:\/\/ch.alfasigma.com\/it\/#website","url":"https:\/\/ch.alfasigma.com\/it\/","name":"Alfasigma Schweiz","description":"Pharmaceuticals with passion","potentialAction":[{"@type":"SearchAction","target":{"@type":"EntryPoint","urlTemplate":"https:\/\/ch.alfasigma.com\/it\/?s={search_term_string}"},"query-input":{"@type":"PropertyValueSpecification","valueRequired":true,"valueName":"search_term_string"}}],"inLanguage":"it-CH"},{"@type":"Person","@id":"https:\/\/ch.alfasigma.com\/it\/#\/schema\/person\/5bd603220a50472960f5d5765affa861","name":"Corporate Communication","image":{"@type":"ImageObject","inLanguage":"it-CH","@id":"https:\/\/secure.gravatar.com\/avatar\/042fcc2107b19c7891dc8dcd8f9d5753ae55897a905b16a42e80fa25bae94303?s=96&d=mm&r=g","url":"https:\/\/secure.gravatar.com\/avatar\/042fcc2107b19c7891dc8dcd8f9d5753ae55897a905b16a42e80fa25bae94303?s=96&d=mm&r=g","contentUrl":"https:\/\/secure.gravatar.com\/avatar\/042fcc2107b19c7891dc8dcd8f9d5753ae55897a905b16a42e80fa25bae94303?s=96&d=mm&r=g","caption":"Corporate Communication"}}]}},"_links":{"self":[{"href":"https:\/\/ch.alfasigma.com\/it\/wp-json\/wp\/v2\/posts\/3583","targetHints":{"allow":["GET"]}}],"collection":[{"href":"https:\/\/ch.alfasigma.com\/it\/wp-json\/wp\/v2\/posts"}],"about":[{"href":"https:\/\/ch.alfasigma.com\/it\/wp-json\/wp\/v2\/types\/post"}],"author":[{"embeddable":true,"href":"https:\/\/ch.alfasigma.com\/it\/wp-json\/wp\/v2\/users\/4"}],"replies":[{"embeddable":true,"href":"https:\/\/ch.alfasigma.com\/it\/wp-json\/wp\/v2\/comments?post=3583"}],"version-history":[{"count":0,"href":"https:\/\/ch.alfasigma.com\/it\/wp-json\/wp\/v2\/posts\/3583\/revisions"}],"wp:featuredmedia":[{"embeddable":true,"href":"https:\/\/ch.alfasigma.com\/it\/wp-json\/wp\/v2\/media\/3584"}],"wp:attachment":[{"href":"https:\/\/ch.alfasigma.com\/it\/wp-json\/wp\/v2\/media?parent=3583"}],"wp:term":[{"taxonomy":"category","embeddable":true,"href":"https:\/\/ch.alfasigma.com\/it\/wp-json\/wp\/v2\/categories?post=3583"},{"taxonomy":"post_tag","embeddable":true,"href":"https:\/\/ch.alfasigma.com\/it\/wp-json\/wp\/v2\/tags?post=3583"}],"curies":[{"name":"wp","href":"https:\/\/api.w.org\/{rel}","templated":true}]}}