{"id":3778,"date":"2021-10-08T09:06:05","date_gmt":"2021-10-08T09:06:05","guid":{"rendered":"https:\/\/ch.alfasigma.com\/?p=3778"},"modified":"2021-10-08T09:06:05","modified_gmt":"2021-10-08T09:06:05","slug":"avvicendamento-al-vertice-di-alfasigma-pier-vincenzo-colli-lascia-il-nuovo-ceo-sara-francesco-balestrieri","status":"publish","type":"post","link":"https:\/\/ch.alfasigma.com\/it\/corporate\/avvicendamento-al-vertice-di-alfasigma-pier-vincenzo-colli-lascia-il-nuovo-ceo-sara-francesco-balestrieri\/","title":{"rendered":"Avvicendamento al vertice di Alfasigma: Pier Vincenzo Colli lascia. Il nuovo CEO sar\u00e0 Francesco Balestrieri"},"content":{"rendered":"<p>Annunciando la notizia, il Presidente di Alfasigma, l\u2019<strong>ingegner Stefano Golinelli<\/strong>, ha commentato: <em>\u201cEsprimo al dottor Colli tutta la nostra gratitudine per il continuo impegno, la dedizione personale e la passione professionale costantemente dimostrate durante questo lungo e intenso periodo, augurandogli il meglio per il suo futuro.\u201d<\/em><\/p>\n<p>Pier Vincenzo Colli \u00e8 entrato in Alfa Wassermann nel 2013 come Direttore Generale, per poi diventare Amministratore Delegato e CEO di Alfasigma nel 2018, dopo il merger con Sigma-tau.<\/p>\n<p><em>\u201cSono certo che il dottor Balestrieri sapr\u00e0 guidare con successo il nostro ambizioso piano di sviluppo e implementare le strategie di crescita dei prossimi anni, accelerando il processo di trasformazione gi\u00e0 avviato da Alfasigma\u201d.<\/em><\/p>\n<p>Francesco Balestrieri, 52 anni, ha una comprovata esperienza nell\u2019industria farmaceutica, avendo ricoperto ruoli di crescente complessit\u00e0 a livello nazionale, regionale e globale. Nella sua carriera in Novartis, dove ha trascorso pi\u00f9 di 20 anni, ha lavorato in diverse aree di business, dai farmaci specialty e branded, fino ai medicinali equivalenti e i prodotti da automedicazione, gestendo incarichi direzionali di primaria responsabilit\u00e0 in Europa, Nord America e Asia.<\/p>\n","protected":false},"excerpt":{"rendered":"<p>L\u2019attuale Chief Executive Officer di Alfasigma, Pier Vincenzo Colli, ha deciso di lasciare la societ\u00e0 a fine di ottobre; contestualmente, la societ\u00e0 comunica che Francesco Balestrieri sar\u00e0 nominato Chief Executive Officer di Alfasigma, a partire dal 1\u00b0 novembre.<\/p>\n","protected":false},"author":4,"featured_media":3779,"comment_status":"closed","ping_status":"closed","sticky":false,"template":"","format":"standard","meta":{"_acf_changed":false,"footnotes":""},"categories":[5],"tags":[68],"class_list":["post-3778","post","type-post","status-publish","format-standard","has-post-thumbnail","hentry","category-corporate","tag-ceo"],"acf":[],"yoast_head":"<!-- This site is optimized with the Yoast SEO plugin v27.3 - https:\/\/yoast.com\/product\/yoast-seo-wordpress\/ -->\n<title>Alfasigma Schweiz - Avvicendamento al vertice di Alfasigma: Pier Vincenzo Colli lascia. Il nuovo CEO sar\u00e0 Francesco Balestrieri<\/title>\n<meta name=\"description\" content=\"L\u2019attuale Chief Executive Officer di Alfasigma, Pier Vincenzo Colli, ha deciso di lasciare la societ\u00e0 a fine di ottobre; contestualmente, la societ\u00e0 comunica che Francesco Balestrieri sar\u00e0 nominato Chief Executive Officer di Alfasigma, a partire dal 1\u00b0 novembre.\" \/>\n<meta name=\"robots\" content=\"index,follow\" \/>\n<link rel=\"canonical\" href=\"https:\/\/ch.alfasigma.com\/it\/corporate\/avvicendamento-al-vertice-di-alfasigma-pier-vincenzo-colli-lascia-il-nuovo-ceo-sara-francesco-balestrieri\/\" \/>\n<meta property=\"og:locale\" content=\"it_IT\" \/>\n<meta property=\"og:type\" content=\"article\" \/>\n<meta property=\"og:title\" content=\"Alfasigma Schweiz - Avvicendamento al vertice di Alfasigma: Pier Vincenzo Colli lascia. Il nuovo CEO sar\u00e0 Francesco Balestrieri\" \/>\n<meta property=\"og:description\" content=\"L\u2019attuale Chief Executive Officer di Alfasigma, Pier Vincenzo Colli, ha deciso di lasciare la societ\u00e0 a fine di ottobre; contestualmente, la societ\u00e0 comunica che Francesco Balestrieri sar\u00e0 nominato Chief Executive Officer di Alfasigma, a partire dal 1\u00b0 novembre.\" \/>\n<meta property=\"og:url\" content=\"https:\/\/ch.alfasigma.com\/it\/corporate\/avvicendamento-al-vertice-di-alfasigma-pier-vincenzo-colli-lascia-il-nuovo-ceo-sara-francesco-balestrieri\/\" \/>\n<meta property=\"og:site_name\" content=\"Alfasigma Schweiz\" \/>\n<meta property=\"article:published_time\" content=\"2021-10-08T09:06:05+00:00\" \/>\n<meta property=\"og:image\" content=\"https:\/\/ch.alfasigma.com\/wp-content\/uploads\/2021\/10\/Copertina-News-sede-Bologna.jpg\" \/>\n\t<meta property=\"og:image:width\" content=\"795\" \/>\n\t<meta property=\"og:image:height\" content=\"547\" \/>\n\t<meta property=\"og:image:type\" content=\"image\/jpeg\" \/>\n<meta name=\"author\" content=\"Corporate Communication\" \/>\n<meta name=\"twitter:card\" content=\"summary_large_image\" \/>\n<meta name=\"twitter:label1\" content=\"Written by\" \/>\n\t<meta name=\"twitter:data1\" content=\"Corporate Communication\" \/>\n\t<meta name=\"twitter:label2\" content=\"Est. reading time\" \/>\n\t<meta name=\"twitter:data2\" content=\"1 minute\" \/>\n<script type=\"application\/ld+json\" class=\"yoast-schema-graph\">{\"@context\":\"https:\\\/\\\/schema.org\",\"@graph\":[{\"@type\":\"Article\",\"@id\":\"https:\\\/\\\/ch.alfasigma.com\\\/it\\\/corporate\\\/avvicendamento-al-vertice-di-alfasigma-pier-vincenzo-colli-lascia-il-nuovo-ceo-sara-francesco-balestrieri\\\/#article\",\"isPartOf\":{\"@id\":\"https:\\\/\\\/ch.alfasigma.com\\\/it\\\/corporate\\\/avvicendamento-al-vertice-di-alfasigma-pier-vincenzo-colli-lascia-il-nuovo-ceo-sara-francesco-balestrieri\\\/\"},\"author\":{\"name\":\"Corporate Communication\",\"@id\":\"https:\\\/\\\/ch.alfasigma.com\\\/it\\\/#\\\/schema\\\/person\\\/5bd603220a50472960f5d5765affa861\"},\"headline\":\"Avvicendamento al vertice di Alfasigma: Pier Vincenzo Colli lascia. Il nuovo CEO sar\u00e0 Francesco Balestrieri\",\"datePublished\":\"2021-10-08T09:06:05+00:00\",\"mainEntityOfPage\":{\"@id\":\"https:\\\/\\\/ch.alfasigma.com\\\/it\\\/corporate\\\/avvicendamento-al-vertice-di-alfasigma-pier-vincenzo-colli-lascia-il-nuovo-ceo-sara-francesco-balestrieri\\\/\"},\"wordCount\":188,\"image\":{\"@id\":\"https:\\\/\\\/ch.alfasigma.com\\\/it\\\/corporate\\\/avvicendamento-al-vertice-di-alfasigma-pier-vincenzo-colli-lascia-il-nuovo-ceo-sara-francesco-balestrieri\\\/#primaryimage\"},\"thumbnailUrl\":\"https:\\\/\\\/ch.alfasigma.com\\\/wp-content\\\/uploads\\\/2021\\\/10\\\/Copertina-News-sede-Bologna.jpg\",\"keywords\":[\"CEO\"],\"articleSection\":[\"Corporate\"],\"inLanguage\":\"it-CH\"},{\"@type\":\"WebPage\",\"@id\":\"https:\\\/\\\/ch.alfasigma.com\\\/it\\\/corporate\\\/avvicendamento-al-vertice-di-alfasigma-pier-vincenzo-colli-lascia-il-nuovo-ceo-sara-francesco-balestrieri\\\/\",\"url\":\"https:\\\/\\\/ch.alfasigma.com\\\/it\\\/corporate\\\/avvicendamento-al-vertice-di-alfasigma-pier-vincenzo-colli-lascia-il-nuovo-ceo-sara-francesco-balestrieri\\\/\",\"name\":\"Alfasigma Schweiz - Avvicendamento al vertice di Alfasigma: Pier Vincenzo Colli lascia. Il nuovo CEO sar\u00e0 Francesco Balestrieri\",\"isPartOf\":{\"@id\":\"https:\\\/\\\/ch.alfasigma.com\\\/it\\\/#website\"},\"primaryImageOfPage\":{\"@id\":\"https:\\\/\\\/ch.alfasigma.com\\\/it\\\/corporate\\\/avvicendamento-al-vertice-di-alfasigma-pier-vincenzo-colli-lascia-il-nuovo-ceo-sara-francesco-balestrieri\\\/#primaryimage\"},\"image\":{\"@id\":\"https:\\\/\\\/ch.alfasigma.com\\\/it\\\/corporate\\\/avvicendamento-al-vertice-di-alfasigma-pier-vincenzo-colli-lascia-il-nuovo-ceo-sara-francesco-balestrieri\\\/#primaryimage\"},\"thumbnailUrl\":\"https:\\\/\\\/ch.alfasigma.com\\\/wp-content\\\/uploads\\\/2021\\\/10\\\/Copertina-News-sede-Bologna.jpg\",\"datePublished\":\"2021-10-08T09:06:05+00:00\",\"author\":{\"@id\":\"https:\\\/\\\/ch.alfasigma.com\\\/it\\\/#\\\/schema\\\/person\\\/5bd603220a50472960f5d5765affa861\"},\"description\":\"L\u2019attuale Chief Executive Officer di Alfasigma, Pier Vincenzo Colli, ha deciso di lasciare la societ\u00e0 a fine di ottobre; contestualmente, la societ\u00e0 comunica che Francesco Balestrieri sar\u00e0 nominato Chief Executive Officer di Alfasigma, a partire dal 1\u00b0 novembre.\",\"breadcrumb\":{\"@id\":\"https:\\\/\\\/ch.alfasigma.com\\\/it\\\/corporate\\\/avvicendamento-al-vertice-di-alfasigma-pier-vincenzo-colli-lascia-il-nuovo-ceo-sara-francesco-balestrieri\\\/#breadcrumb\"},\"inLanguage\":\"it-CH\",\"potentialAction\":[{\"@type\":\"ReadAction\",\"target\":[\"https:\\\/\\\/ch.alfasigma.com\\\/it\\\/corporate\\\/avvicendamento-al-vertice-di-alfasigma-pier-vincenzo-colli-lascia-il-nuovo-ceo-sara-francesco-balestrieri\\\/\"]}]},{\"@type\":\"ImageObject\",\"inLanguage\":\"it-CH\",\"@id\":\"https:\\\/\\\/ch.alfasigma.com\\\/it\\\/corporate\\\/avvicendamento-al-vertice-di-alfasigma-pier-vincenzo-colli-lascia-il-nuovo-ceo-sara-francesco-balestrieri\\\/#primaryimage\",\"url\":\"https:\\\/\\\/ch.alfasigma.com\\\/wp-content\\\/uploads\\\/2021\\\/10\\\/Copertina-News-sede-Bologna.jpg\",\"contentUrl\":\"https:\\\/\\\/ch.alfasigma.com\\\/wp-content\\\/uploads\\\/2021\\\/10\\\/Copertina-News-sede-Bologna.jpg\",\"width\":795,\"height\":547},{\"@type\":\"BreadcrumbList\",\"@id\":\"https:\\\/\\\/ch.alfasigma.com\\\/it\\\/corporate\\\/avvicendamento-al-vertice-di-alfasigma-pier-vincenzo-colli-lascia-il-nuovo-ceo-sara-francesco-balestrieri\\\/#breadcrumb\",\"itemListElement\":[{\"@type\":\"ListItem\",\"position\":1,\"name\":\"Home\",\"item\":\"https:\\\/\\\/ch.alfasigma.com\\\/it\\\/\"},{\"@type\":\"ListItem\",\"position\":2,\"name\":\"Corporate\",\"item\":\"https:\\\/\\\/ch.alfasigma.com\\\/it\\\/category\\\/corporate\\\/\"},{\"@type\":\"ListItem\",\"position\":3,\"name\":\"Avvicendamento al vertice di Alfasigma: Pier Vincenzo Colli lascia. Il nuovo CEO sar\u00e0 Francesco Balestrieri\"}]},{\"@type\":\"WebSite\",\"@id\":\"https:\\\/\\\/ch.alfasigma.com\\\/it\\\/#website\",\"url\":\"https:\\\/\\\/ch.alfasigma.com\\\/it\\\/\",\"name\":\"Alfasigma Schweiz\",\"description\":\"Pharmaceuticals with passion\",\"potentialAction\":[{\"@type\":\"SearchAction\",\"target\":{\"@type\":\"EntryPoint\",\"urlTemplate\":\"https:\\\/\\\/ch.alfasigma.com\\\/it\\\/?s={search_term_string}\"},\"query-input\":{\"@type\":\"PropertyValueSpecification\",\"valueRequired\":true,\"valueName\":\"search_term_string\"}}],\"inLanguage\":\"it-CH\"},{\"@type\":\"Person\",\"@id\":\"https:\\\/\\\/ch.alfasigma.com\\\/it\\\/#\\\/schema\\\/person\\\/5bd603220a50472960f5d5765affa861\",\"name\":\"Corporate Communication\",\"image\":{\"@type\":\"ImageObject\",\"inLanguage\":\"it-CH\",\"@id\":\"https:\\\/\\\/secure.gravatar.com\\\/avatar\\\/042fcc2107b19c7891dc8dcd8f9d5753ae55897a905b16a42e80fa25bae94303?s=96&d=mm&r=g\",\"url\":\"https:\\\/\\\/secure.gravatar.com\\\/avatar\\\/042fcc2107b19c7891dc8dcd8f9d5753ae55897a905b16a42e80fa25bae94303?s=96&d=mm&r=g\",\"contentUrl\":\"https:\\\/\\\/secure.gravatar.com\\\/avatar\\\/042fcc2107b19c7891dc8dcd8f9d5753ae55897a905b16a42e80fa25bae94303?s=96&d=mm&r=g\",\"caption\":\"Corporate Communication\"}}]}<\/script>\n<!-- \/ Yoast SEO plugin. -->","yoast_head_json":{"title":"Alfasigma Schweiz - Avvicendamento al vertice di Alfasigma: Pier Vincenzo Colli lascia. Il nuovo CEO sar\u00e0 Francesco Balestrieri","description":"L\u2019attuale Chief Executive Officer di Alfasigma, Pier Vincenzo Colli, ha deciso di lasciare la societ\u00e0 a fine di ottobre; contestualmente, la societ\u00e0 comunica che Francesco Balestrieri sar\u00e0 nominato Chief Executive Officer di Alfasigma, a partire dal 1\u00b0 novembre.","robots":{"index,follow":"index,follow"},"canonical":"https:\/\/ch.alfasigma.com\/it\/corporate\/avvicendamento-al-vertice-di-alfasigma-pier-vincenzo-colli-lascia-il-nuovo-ceo-sara-francesco-balestrieri\/","og_locale":"it_IT","og_type":"article","og_title":"Alfasigma Schweiz - Avvicendamento al vertice di Alfasigma: Pier Vincenzo Colli lascia. Il nuovo CEO sar\u00e0 Francesco Balestrieri","og_description":"L\u2019attuale Chief Executive Officer di Alfasigma, Pier Vincenzo Colli, ha deciso di lasciare la societ\u00e0 a fine di ottobre; contestualmente, la societ\u00e0 comunica che Francesco Balestrieri sar\u00e0 nominato Chief Executive Officer di Alfasigma, a partire dal 1\u00b0 novembre.","og_url":"https:\/\/ch.alfasigma.com\/it\/corporate\/avvicendamento-al-vertice-di-alfasigma-pier-vincenzo-colli-lascia-il-nuovo-ceo-sara-francesco-balestrieri\/","og_site_name":"Alfasigma Schweiz","article_published_time":"2021-10-08T09:06:05+00:00","og_image":[{"width":795,"height":547,"url":"https:\/\/ch.alfasigma.com\/wp-content\/uploads\/2021\/10\/Copertina-News-sede-Bologna.jpg","type":"image\/jpeg"}],"author":"Corporate Communication","twitter_card":"summary_large_image","twitter_misc":{"Written by":"Corporate Communication","Est. reading time":"1 minute"},"schema":{"@context":"https:\/\/schema.org","@graph":[{"@type":"Article","@id":"https:\/\/ch.alfasigma.com\/it\/corporate\/avvicendamento-al-vertice-di-alfasigma-pier-vincenzo-colli-lascia-il-nuovo-ceo-sara-francesco-balestrieri\/#article","isPartOf":{"@id":"https:\/\/ch.alfasigma.com\/it\/corporate\/avvicendamento-al-vertice-di-alfasigma-pier-vincenzo-colli-lascia-il-nuovo-ceo-sara-francesco-balestrieri\/"},"author":{"name":"Corporate Communication","@id":"https:\/\/ch.alfasigma.com\/it\/#\/schema\/person\/5bd603220a50472960f5d5765affa861"},"headline":"Avvicendamento al vertice di Alfasigma: Pier Vincenzo Colli lascia. Il nuovo CEO sar\u00e0 Francesco Balestrieri","datePublished":"2021-10-08T09:06:05+00:00","mainEntityOfPage":{"@id":"https:\/\/ch.alfasigma.com\/it\/corporate\/avvicendamento-al-vertice-di-alfasigma-pier-vincenzo-colli-lascia-il-nuovo-ceo-sara-francesco-balestrieri\/"},"wordCount":188,"image":{"@id":"https:\/\/ch.alfasigma.com\/it\/corporate\/avvicendamento-al-vertice-di-alfasigma-pier-vincenzo-colli-lascia-il-nuovo-ceo-sara-francesco-balestrieri\/#primaryimage"},"thumbnailUrl":"https:\/\/ch.alfasigma.com\/wp-content\/uploads\/2021\/10\/Copertina-News-sede-Bologna.jpg","keywords":["CEO"],"articleSection":["Corporate"],"inLanguage":"it-CH"},{"@type":"WebPage","@id":"https:\/\/ch.alfasigma.com\/it\/corporate\/avvicendamento-al-vertice-di-alfasigma-pier-vincenzo-colli-lascia-il-nuovo-ceo-sara-francesco-balestrieri\/","url":"https:\/\/ch.alfasigma.com\/it\/corporate\/avvicendamento-al-vertice-di-alfasigma-pier-vincenzo-colli-lascia-il-nuovo-ceo-sara-francesco-balestrieri\/","name":"Alfasigma Schweiz - Avvicendamento al vertice di Alfasigma: Pier Vincenzo Colli lascia. Il nuovo CEO sar\u00e0 Francesco Balestrieri","isPartOf":{"@id":"https:\/\/ch.alfasigma.com\/it\/#website"},"primaryImageOfPage":{"@id":"https:\/\/ch.alfasigma.com\/it\/corporate\/avvicendamento-al-vertice-di-alfasigma-pier-vincenzo-colli-lascia-il-nuovo-ceo-sara-francesco-balestrieri\/#primaryimage"},"image":{"@id":"https:\/\/ch.alfasigma.com\/it\/corporate\/avvicendamento-al-vertice-di-alfasigma-pier-vincenzo-colli-lascia-il-nuovo-ceo-sara-francesco-balestrieri\/#primaryimage"},"thumbnailUrl":"https:\/\/ch.alfasigma.com\/wp-content\/uploads\/2021\/10\/Copertina-News-sede-Bologna.jpg","datePublished":"2021-10-08T09:06:05+00:00","author":{"@id":"https:\/\/ch.alfasigma.com\/it\/#\/schema\/person\/5bd603220a50472960f5d5765affa861"},"description":"L\u2019attuale Chief Executive Officer di Alfasigma, Pier Vincenzo Colli, ha deciso di lasciare la societ\u00e0 a fine di ottobre; contestualmente, la societ\u00e0 comunica che Francesco Balestrieri sar\u00e0 nominato Chief Executive Officer di Alfasigma, a partire dal 1\u00b0 novembre.","breadcrumb":{"@id":"https:\/\/ch.alfasigma.com\/it\/corporate\/avvicendamento-al-vertice-di-alfasigma-pier-vincenzo-colli-lascia-il-nuovo-ceo-sara-francesco-balestrieri\/#breadcrumb"},"inLanguage":"it-CH","potentialAction":[{"@type":"ReadAction","target":["https:\/\/ch.alfasigma.com\/it\/corporate\/avvicendamento-al-vertice-di-alfasigma-pier-vincenzo-colli-lascia-il-nuovo-ceo-sara-francesco-balestrieri\/"]}]},{"@type":"ImageObject","inLanguage":"it-CH","@id":"https:\/\/ch.alfasigma.com\/it\/corporate\/avvicendamento-al-vertice-di-alfasigma-pier-vincenzo-colli-lascia-il-nuovo-ceo-sara-francesco-balestrieri\/#primaryimage","url":"https:\/\/ch.alfasigma.com\/wp-content\/uploads\/2021\/10\/Copertina-News-sede-Bologna.jpg","contentUrl":"https:\/\/ch.alfasigma.com\/wp-content\/uploads\/2021\/10\/Copertina-News-sede-Bologna.jpg","width":795,"height":547},{"@type":"BreadcrumbList","@id":"https:\/\/ch.alfasigma.com\/it\/corporate\/avvicendamento-al-vertice-di-alfasigma-pier-vincenzo-colli-lascia-il-nuovo-ceo-sara-francesco-balestrieri\/#breadcrumb","itemListElement":[{"@type":"ListItem","position":1,"name":"Home","item":"https:\/\/ch.alfasigma.com\/it\/"},{"@type":"ListItem","position":2,"name":"Corporate","item":"https:\/\/ch.alfasigma.com\/it\/category\/corporate\/"},{"@type":"ListItem","position":3,"name":"Avvicendamento al vertice di Alfasigma: Pier Vincenzo Colli lascia. Il nuovo CEO sar\u00e0 Francesco Balestrieri"}]},{"@type":"WebSite","@id":"https:\/\/ch.alfasigma.com\/it\/#website","url":"https:\/\/ch.alfasigma.com\/it\/","name":"Alfasigma Schweiz","description":"Pharmaceuticals with passion","potentialAction":[{"@type":"SearchAction","target":{"@type":"EntryPoint","urlTemplate":"https:\/\/ch.alfasigma.com\/it\/?s={search_term_string}"},"query-input":{"@type":"PropertyValueSpecification","valueRequired":true,"valueName":"search_term_string"}}],"inLanguage":"it-CH"},{"@type":"Person","@id":"https:\/\/ch.alfasigma.com\/it\/#\/schema\/person\/5bd603220a50472960f5d5765affa861","name":"Corporate Communication","image":{"@type":"ImageObject","inLanguage":"it-CH","@id":"https:\/\/secure.gravatar.com\/avatar\/042fcc2107b19c7891dc8dcd8f9d5753ae55897a905b16a42e80fa25bae94303?s=96&d=mm&r=g","url":"https:\/\/secure.gravatar.com\/avatar\/042fcc2107b19c7891dc8dcd8f9d5753ae55897a905b16a42e80fa25bae94303?s=96&d=mm&r=g","contentUrl":"https:\/\/secure.gravatar.com\/avatar\/042fcc2107b19c7891dc8dcd8f9d5753ae55897a905b16a42e80fa25bae94303?s=96&d=mm&r=g","caption":"Corporate Communication"}}]}},"_links":{"self":[{"href":"https:\/\/ch.alfasigma.com\/it\/wp-json\/wp\/v2\/posts\/3778","targetHints":{"allow":["GET"]}}],"collection":[{"href":"https:\/\/ch.alfasigma.com\/it\/wp-json\/wp\/v2\/posts"}],"about":[{"href":"https:\/\/ch.alfasigma.com\/it\/wp-json\/wp\/v2\/types\/post"}],"author":[{"embeddable":true,"href":"https:\/\/ch.alfasigma.com\/it\/wp-json\/wp\/v2\/users\/4"}],"replies":[{"embeddable":true,"href":"https:\/\/ch.alfasigma.com\/it\/wp-json\/wp\/v2\/comments?post=3778"}],"version-history":[{"count":0,"href":"https:\/\/ch.alfasigma.com\/it\/wp-json\/wp\/v2\/posts\/3778\/revisions"}],"wp:featuredmedia":[{"embeddable":true,"href":"https:\/\/ch.alfasigma.com\/it\/wp-json\/wp\/v2\/media\/3779"}],"wp:attachment":[{"href":"https:\/\/ch.alfasigma.com\/it\/wp-json\/wp\/v2\/media?parent=3778"}],"wp:term":[{"taxonomy":"category","embeddable":true,"href":"https:\/\/ch.alfasigma.com\/it\/wp-json\/wp\/v2\/categories?post=3778"},{"taxonomy":"post_tag","embeddable":true,"href":"https:\/\/ch.alfasigma.com\/it\/wp-json\/wp\/v2\/tags?post=3778"}],"curies":[{"name":"wp","href":"https:\/\/api.w.org\/{rel}","templated":true}]}}