{"id":3787,"date":"2021-10-12T07:50:29","date_gmt":"2021-10-12T07:50:29","guid":{"rendered":"https:\/\/ch.alfasigma.com\/?p=3787"},"modified":"2021-10-12T07:50:29","modified_gmt":"2021-10-12T07:50:29","slug":"alfathon-riceve-la-menzione-speciale-degli-inspiringpr-award","status":"publish","type":"post","link":"https:\/\/ch.alfasigma.com\/it\/corporate\/alfathon-riceve-la-menzione-speciale-degli-inspiringpr-award\/","title":{"rendered":"Alfathon riceve la Menzione speciale degli InspiringPR Award"},"content":{"rendered":"<p>\u200b\u200b\u200b\u200b\u200b\u200b\u200bLavazza, con il progetto \u201cThe New Humanity 2021\u201d, ha ricevuto l\u2019InspiringPR Award 2021, il riconoscimento FERPI \u2013 Federazione Relazioni Pubbliche Italiana \u2013 alla miglior campagna di relazioni pubbliche dell\u2019anno; insieme a Lavazza premiata\u00a0<b>Alfasigma con Alfathon che riceve anche la Menzione Speciale della Giuria<\/b>.<\/p>\n<p>La consegna del premio, giunto alla sua quarta edizione, si \u00e8 svolta il 9 ottobre presso la Scuola Grande San Giovanni Evangelista a Venezia nell\u2019ambito della settima edizione di InspiringPR, il Festival delle Relazioni Pubbliche organizzato da Ferpi Triveneto.<\/p>\n<p>Ad Alfathon \u00e8 stata riconosciuta la capacit\u00e0 di ispirare gli innovatori con il coinvolgimento attivo di pazienti, clinici, farmacisti e colleghe\/i di Alfasigma, oltre all\u2019efficacia nella campagna di comunicazione a livello europeo. La campagna di\u00a0<b>Lavazza<\/b>, realizzata sotto la direzione creativa di Armando Testa, \u00e8 stata scelta \u201cper aver provato a gettare un ponte tra le persone, avvicinandole attraverso il linguaggio universale dell\u2019arte, in uno scenario complesso e mutevole in cui si rendono necessarie barriere e distanze tra gli individui, le comunit\u00e0, le nazioni\u201d.<\/p>\n<p>La volont\u00e0 \u00e8 stata quella di stimolare la riflessione intorno alla ricerca di una \u201c<b>Nuova Umanit\u00e0<\/b>\u201d che metta in luce i valori fondanti della societ\u00e0, primi fra tutti solidariet\u00e0, inclusione, tolleranza e sostenibilit\u00e0. Il progetto \u00e8 stato declinato in un magazine e nel \u201cCalendario Lavazza 2021\u201d, raccontato dall\u2019attore Pierfrancesco Favino, accompagnato dalla musica di Brunori Sas, uno dei cantautori pi\u00f9 rappresentativi della scena musicale italiana.<\/p>\n<p>La Giuria, composta dal Presidente del Comitato scientifico di InspiringPR Bruno Mastroianni, dal Presidente di FERPI Rossella Sobrero, dal Delegato di FERPI Triveneto Filippo Nani e dai componenti del gruppo di lavoro coordinati da Federica Zar, ha conferito una menzione speciale ad \u201c<b>Alfathon<\/b>\u201d, il primo hackathon organizzato da Alfasigma nell\u2019ambito della ricerca farmaceutica, con il supporto dell\u2019agenzia di comunicazione Accadr\u00e0.<\/p>\n<p>L\u2019InspiringPR Award delle delegazioni \u00e8 andato alla Delegazione FERPI Campania, con il progetto \u201c<b>Plastic Free<\/b>\u201d di Gori Spa, campagna con l\u2019obiettivo di diffondere uno stile di vita sostenibile, promuovendo una rete relazionale interconnessa tra cittadini, amministrazioni ed azienda di pubblico servizio.<\/p>\n<p><iframe title=\"YouTube video player\" src=\"https:\/\/www.youtube.com\/embed\/wFeA4rZxz4M\" width=\"560\" height=\"315\" frameborder=\"0\" allowfullscreen=\"allowfullscreen\"><\/iframe><\/p>\n","protected":false},"excerpt":{"rendered":"<p>La campagna di comunicazione ed engagement dell\u2019hackathon di Alfasigma protagonista al festival delle relazioni pubbliche<\/p>\n","protected":false},"author":4,"featured_media":3788,"comment_status":"closed","ping_status":"closed","sticky":false,"template":"","format":"standard","meta":{"_acf_changed":false,"footnotes":""},"categories":[5],"tags":[72,71],"class_list":["post-3787","post","type-post","status-publish","format-standard","has-post-thumbnail","hentry","category-corporate","tag-inspiringpr","tag-menzione-speciale"],"acf":[],"yoast_head":"<!-- This site is optimized with the Yoast SEO plugin v27.3 - https:\/\/yoast.com\/product\/yoast-seo-wordpress\/ -->\n<title>Alfasigma Schweiz - Alfathon riceve la Menzione speciale degli InspiringPR Award<\/title>\n<meta name=\"description\" content=\"La campagna di comunicazione ed engagement dell\u2019hackathon di Alfasigma protagonista al festival delle relazioni pubbliche\" \/>\n<meta name=\"robots\" content=\"index,follow\" \/>\n<link rel=\"canonical\" href=\"https:\/\/ch.alfasigma.com\/it\/corporate\/alfathon-riceve-la-menzione-speciale-degli-inspiringpr-award\/\" \/>\n<meta property=\"og:locale\" content=\"it_IT\" \/>\n<meta property=\"og:type\" content=\"article\" \/>\n<meta property=\"og:title\" content=\"Alfasigma Schweiz - Alfathon riceve la Menzione speciale degli InspiringPR Award\" \/>\n<meta property=\"og:description\" content=\"La campagna di comunicazione ed engagement dell\u2019hackathon di Alfasigma protagonista al festival delle relazioni pubbliche\" \/>\n<meta property=\"og:url\" content=\"https:\/\/ch.alfasigma.com\/it\/corporate\/alfathon-riceve-la-menzione-speciale-degli-inspiringpr-award\/\" \/>\n<meta property=\"og:site_name\" content=\"Alfasigma Schweiz\" \/>\n<meta property=\"article:published_time\" content=\"2021-10-12T07:50:29+00:00\" \/>\n<meta property=\"og:image\" content=\"https:\/\/ch.alfasigma.com\/wp-content\/uploads\/2021\/10\/inspiringpr-ottobre2021-banner-sito-desktop-full.png\" \/>\n\t<meta property=\"og:image:width\" content=\"1920\" \/>\n\t<meta property=\"og:image:height\" content=\"1080\" \/>\n\t<meta property=\"og:image:type\" content=\"image\/png\" \/>\n<meta name=\"author\" content=\"Corporate Communication\" \/>\n<meta name=\"twitter:card\" content=\"summary_large_image\" \/>\n<meta name=\"twitter:label1\" content=\"Written by\" \/>\n\t<meta name=\"twitter:data1\" content=\"Corporate Communication\" \/>\n\t<meta name=\"twitter:label2\" content=\"Est. reading time\" \/>\n\t<meta name=\"twitter:data2\" content=\"2 minutes\" \/>\n<script type=\"application\/ld+json\" class=\"yoast-schema-graph\">{\"@context\":\"https:\\\/\\\/schema.org\",\"@graph\":[{\"@type\":\"Article\",\"@id\":\"https:\\\/\\\/ch.alfasigma.com\\\/it\\\/corporate\\\/alfathon-riceve-la-menzione-speciale-degli-inspiringpr-award\\\/#article\",\"isPartOf\":{\"@id\":\"https:\\\/\\\/ch.alfasigma.com\\\/it\\\/corporate\\\/alfathon-riceve-la-menzione-speciale-degli-inspiringpr-award\\\/\"},\"author\":{\"name\":\"Corporate Communication\",\"@id\":\"https:\\\/\\\/ch.alfasigma.com\\\/it\\\/#\\\/schema\\\/person\\\/5bd603220a50472960f5d5765affa861\"},\"headline\":\"Alfathon riceve la Menzione speciale degli InspiringPR Award\",\"datePublished\":\"2021-10-12T07:50:29+00:00\",\"mainEntityOfPage\":{\"@id\":\"https:\\\/\\\/ch.alfasigma.com\\\/it\\\/corporate\\\/alfathon-riceve-la-menzione-speciale-degli-inspiringpr-award\\\/\"},\"wordCount\":340,\"image\":{\"@id\":\"https:\\\/\\\/ch.alfasigma.com\\\/it\\\/corporate\\\/alfathon-riceve-la-menzione-speciale-degli-inspiringpr-award\\\/#primaryimage\"},\"thumbnailUrl\":\"https:\\\/\\\/ch.alfasigma.com\\\/wp-content\\\/uploads\\\/2021\\\/10\\\/inspiringpr-ottobre2021-banner-sito-desktop-full.png\",\"keywords\":[\"InspiringPR\",\"menzione speciale\"],\"articleSection\":[\"Corporate\"],\"inLanguage\":\"it-CH\"},{\"@type\":\"WebPage\",\"@id\":\"https:\\\/\\\/ch.alfasigma.com\\\/it\\\/corporate\\\/alfathon-riceve-la-menzione-speciale-degli-inspiringpr-award\\\/\",\"url\":\"https:\\\/\\\/ch.alfasigma.com\\\/it\\\/corporate\\\/alfathon-riceve-la-menzione-speciale-degli-inspiringpr-award\\\/\",\"name\":\"Alfasigma Schweiz - Alfathon riceve la Menzione speciale degli InspiringPR Award\",\"isPartOf\":{\"@id\":\"https:\\\/\\\/ch.alfasigma.com\\\/it\\\/#website\"},\"primaryImageOfPage\":{\"@id\":\"https:\\\/\\\/ch.alfasigma.com\\\/it\\\/corporate\\\/alfathon-riceve-la-menzione-speciale-degli-inspiringpr-award\\\/#primaryimage\"},\"image\":{\"@id\":\"https:\\\/\\\/ch.alfasigma.com\\\/it\\\/corporate\\\/alfathon-riceve-la-menzione-speciale-degli-inspiringpr-award\\\/#primaryimage\"},\"thumbnailUrl\":\"https:\\\/\\\/ch.alfasigma.com\\\/wp-content\\\/uploads\\\/2021\\\/10\\\/inspiringpr-ottobre2021-banner-sito-desktop-full.png\",\"datePublished\":\"2021-10-12T07:50:29+00:00\",\"author\":{\"@id\":\"https:\\\/\\\/ch.alfasigma.com\\\/it\\\/#\\\/schema\\\/person\\\/5bd603220a50472960f5d5765affa861\"},\"description\":\"La campagna di comunicazione ed engagement dell\u2019hackathon di Alfasigma protagonista al festival delle relazioni pubbliche\",\"breadcrumb\":{\"@id\":\"https:\\\/\\\/ch.alfasigma.com\\\/it\\\/corporate\\\/alfathon-riceve-la-menzione-speciale-degli-inspiringpr-award\\\/#breadcrumb\"},\"inLanguage\":\"it-CH\",\"potentialAction\":[{\"@type\":\"ReadAction\",\"target\":[\"https:\\\/\\\/ch.alfasigma.com\\\/it\\\/corporate\\\/alfathon-riceve-la-menzione-speciale-degli-inspiringpr-award\\\/\"]}]},{\"@type\":\"ImageObject\",\"inLanguage\":\"it-CH\",\"@id\":\"https:\\\/\\\/ch.alfasigma.com\\\/it\\\/corporate\\\/alfathon-riceve-la-menzione-speciale-degli-inspiringpr-award\\\/#primaryimage\",\"url\":\"https:\\\/\\\/ch.alfasigma.com\\\/wp-content\\\/uploads\\\/2021\\\/10\\\/inspiringpr-ottobre2021-banner-sito-desktop-full.png\",\"contentUrl\":\"https:\\\/\\\/ch.alfasigma.com\\\/wp-content\\\/uploads\\\/2021\\\/10\\\/inspiringpr-ottobre2021-banner-sito-desktop-full.png\",\"width\":1920,\"height\":1080},{\"@type\":\"BreadcrumbList\",\"@id\":\"https:\\\/\\\/ch.alfasigma.com\\\/it\\\/corporate\\\/alfathon-riceve-la-menzione-speciale-degli-inspiringpr-award\\\/#breadcrumb\",\"itemListElement\":[{\"@type\":\"ListItem\",\"position\":1,\"name\":\"Home\",\"item\":\"https:\\\/\\\/ch.alfasigma.com\\\/it\\\/\"},{\"@type\":\"ListItem\",\"position\":2,\"name\":\"Corporate\",\"item\":\"https:\\\/\\\/ch.alfasigma.com\\\/it\\\/category\\\/corporate\\\/\"},{\"@type\":\"ListItem\",\"position\":3,\"name\":\"Alfathon riceve la Menzione speciale degli InspiringPR Award\"}]},{\"@type\":\"WebSite\",\"@id\":\"https:\\\/\\\/ch.alfasigma.com\\\/it\\\/#website\",\"url\":\"https:\\\/\\\/ch.alfasigma.com\\\/it\\\/\",\"name\":\"Alfasigma Schweiz\",\"description\":\"Pharmaceuticals with passion\",\"potentialAction\":[{\"@type\":\"SearchAction\",\"target\":{\"@type\":\"EntryPoint\",\"urlTemplate\":\"https:\\\/\\\/ch.alfasigma.com\\\/it\\\/?s={search_term_string}\"},\"query-input\":{\"@type\":\"PropertyValueSpecification\",\"valueRequired\":true,\"valueName\":\"search_term_string\"}}],\"inLanguage\":\"it-CH\"},{\"@type\":\"Person\",\"@id\":\"https:\\\/\\\/ch.alfasigma.com\\\/it\\\/#\\\/schema\\\/person\\\/5bd603220a50472960f5d5765affa861\",\"name\":\"Corporate Communication\",\"image\":{\"@type\":\"ImageObject\",\"inLanguage\":\"it-CH\",\"@id\":\"https:\\\/\\\/secure.gravatar.com\\\/avatar\\\/042fcc2107b19c7891dc8dcd8f9d5753ae55897a905b16a42e80fa25bae94303?s=96&d=mm&r=g\",\"url\":\"https:\\\/\\\/secure.gravatar.com\\\/avatar\\\/042fcc2107b19c7891dc8dcd8f9d5753ae55897a905b16a42e80fa25bae94303?s=96&d=mm&r=g\",\"contentUrl\":\"https:\\\/\\\/secure.gravatar.com\\\/avatar\\\/042fcc2107b19c7891dc8dcd8f9d5753ae55897a905b16a42e80fa25bae94303?s=96&d=mm&r=g\",\"caption\":\"Corporate Communication\"}}]}<\/script>\n<!-- \/ Yoast SEO plugin. -->","yoast_head_json":{"title":"Alfasigma Schweiz - Alfathon riceve la Menzione speciale degli InspiringPR Award","description":"La campagna di comunicazione ed engagement dell\u2019hackathon di Alfasigma protagonista al festival delle relazioni pubbliche","robots":{"index,follow":"index,follow"},"canonical":"https:\/\/ch.alfasigma.com\/it\/corporate\/alfathon-riceve-la-menzione-speciale-degli-inspiringpr-award\/","og_locale":"it_IT","og_type":"article","og_title":"Alfasigma Schweiz - Alfathon riceve la Menzione speciale degli InspiringPR Award","og_description":"La campagna di comunicazione ed engagement dell\u2019hackathon di Alfasigma protagonista al festival delle relazioni pubbliche","og_url":"https:\/\/ch.alfasigma.com\/it\/corporate\/alfathon-riceve-la-menzione-speciale-degli-inspiringpr-award\/","og_site_name":"Alfasigma Schweiz","article_published_time":"2021-10-12T07:50:29+00:00","og_image":[{"width":1920,"height":1080,"url":"https:\/\/ch.alfasigma.com\/wp-content\/uploads\/2021\/10\/inspiringpr-ottobre2021-banner-sito-desktop-full.png","type":"image\/png"}],"author":"Corporate Communication","twitter_card":"summary_large_image","twitter_misc":{"Written by":"Corporate Communication","Est. reading time":"2 minutes"},"schema":{"@context":"https:\/\/schema.org","@graph":[{"@type":"Article","@id":"https:\/\/ch.alfasigma.com\/it\/corporate\/alfathon-riceve-la-menzione-speciale-degli-inspiringpr-award\/#article","isPartOf":{"@id":"https:\/\/ch.alfasigma.com\/it\/corporate\/alfathon-riceve-la-menzione-speciale-degli-inspiringpr-award\/"},"author":{"name":"Corporate Communication","@id":"https:\/\/ch.alfasigma.com\/it\/#\/schema\/person\/5bd603220a50472960f5d5765affa861"},"headline":"Alfathon riceve la Menzione speciale degli InspiringPR Award","datePublished":"2021-10-12T07:50:29+00:00","mainEntityOfPage":{"@id":"https:\/\/ch.alfasigma.com\/it\/corporate\/alfathon-riceve-la-menzione-speciale-degli-inspiringpr-award\/"},"wordCount":340,"image":{"@id":"https:\/\/ch.alfasigma.com\/it\/corporate\/alfathon-riceve-la-menzione-speciale-degli-inspiringpr-award\/#primaryimage"},"thumbnailUrl":"https:\/\/ch.alfasigma.com\/wp-content\/uploads\/2021\/10\/inspiringpr-ottobre2021-banner-sito-desktop-full.png","keywords":["InspiringPR","menzione speciale"],"articleSection":["Corporate"],"inLanguage":"it-CH"},{"@type":"WebPage","@id":"https:\/\/ch.alfasigma.com\/it\/corporate\/alfathon-riceve-la-menzione-speciale-degli-inspiringpr-award\/","url":"https:\/\/ch.alfasigma.com\/it\/corporate\/alfathon-riceve-la-menzione-speciale-degli-inspiringpr-award\/","name":"Alfasigma Schweiz - Alfathon riceve la Menzione speciale degli InspiringPR Award","isPartOf":{"@id":"https:\/\/ch.alfasigma.com\/it\/#website"},"primaryImageOfPage":{"@id":"https:\/\/ch.alfasigma.com\/it\/corporate\/alfathon-riceve-la-menzione-speciale-degli-inspiringpr-award\/#primaryimage"},"image":{"@id":"https:\/\/ch.alfasigma.com\/it\/corporate\/alfathon-riceve-la-menzione-speciale-degli-inspiringpr-award\/#primaryimage"},"thumbnailUrl":"https:\/\/ch.alfasigma.com\/wp-content\/uploads\/2021\/10\/inspiringpr-ottobre2021-banner-sito-desktop-full.png","datePublished":"2021-10-12T07:50:29+00:00","author":{"@id":"https:\/\/ch.alfasigma.com\/it\/#\/schema\/person\/5bd603220a50472960f5d5765affa861"},"description":"La campagna di comunicazione ed engagement dell\u2019hackathon di Alfasigma protagonista al festival delle relazioni pubbliche","breadcrumb":{"@id":"https:\/\/ch.alfasigma.com\/it\/corporate\/alfathon-riceve-la-menzione-speciale-degli-inspiringpr-award\/#breadcrumb"},"inLanguage":"it-CH","potentialAction":[{"@type":"ReadAction","target":["https:\/\/ch.alfasigma.com\/it\/corporate\/alfathon-riceve-la-menzione-speciale-degli-inspiringpr-award\/"]}]},{"@type":"ImageObject","inLanguage":"it-CH","@id":"https:\/\/ch.alfasigma.com\/it\/corporate\/alfathon-riceve-la-menzione-speciale-degli-inspiringpr-award\/#primaryimage","url":"https:\/\/ch.alfasigma.com\/wp-content\/uploads\/2021\/10\/inspiringpr-ottobre2021-banner-sito-desktop-full.png","contentUrl":"https:\/\/ch.alfasigma.com\/wp-content\/uploads\/2021\/10\/inspiringpr-ottobre2021-banner-sito-desktop-full.png","width":1920,"height":1080},{"@type":"BreadcrumbList","@id":"https:\/\/ch.alfasigma.com\/it\/corporate\/alfathon-riceve-la-menzione-speciale-degli-inspiringpr-award\/#breadcrumb","itemListElement":[{"@type":"ListItem","position":1,"name":"Home","item":"https:\/\/ch.alfasigma.com\/it\/"},{"@type":"ListItem","position":2,"name":"Corporate","item":"https:\/\/ch.alfasigma.com\/it\/category\/corporate\/"},{"@type":"ListItem","position":3,"name":"Alfathon riceve la Menzione speciale degli InspiringPR Award"}]},{"@type":"WebSite","@id":"https:\/\/ch.alfasigma.com\/it\/#website","url":"https:\/\/ch.alfasigma.com\/it\/","name":"Alfasigma Schweiz","description":"Pharmaceuticals with passion","potentialAction":[{"@type":"SearchAction","target":{"@type":"EntryPoint","urlTemplate":"https:\/\/ch.alfasigma.com\/it\/?s={search_term_string}"},"query-input":{"@type":"PropertyValueSpecification","valueRequired":true,"valueName":"search_term_string"}}],"inLanguage":"it-CH"},{"@type":"Person","@id":"https:\/\/ch.alfasigma.com\/it\/#\/schema\/person\/5bd603220a50472960f5d5765affa861","name":"Corporate Communication","image":{"@type":"ImageObject","inLanguage":"it-CH","@id":"https:\/\/secure.gravatar.com\/avatar\/042fcc2107b19c7891dc8dcd8f9d5753ae55897a905b16a42e80fa25bae94303?s=96&d=mm&r=g","url":"https:\/\/secure.gravatar.com\/avatar\/042fcc2107b19c7891dc8dcd8f9d5753ae55897a905b16a42e80fa25bae94303?s=96&d=mm&r=g","contentUrl":"https:\/\/secure.gravatar.com\/avatar\/042fcc2107b19c7891dc8dcd8f9d5753ae55897a905b16a42e80fa25bae94303?s=96&d=mm&r=g","caption":"Corporate Communication"}}]}},"_links":{"self":[{"href":"https:\/\/ch.alfasigma.com\/it\/wp-json\/wp\/v2\/posts\/3787","targetHints":{"allow":["GET"]}}],"collection":[{"href":"https:\/\/ch.alfasigma.com\/it\/wp-json\/wp\/v2\/posts"}],"about":[{"href":"https:\/\/ch.alfasigma.com\/it\/wp-json\/wp\/v2\/types\/post"}],"author":[{"embeddable":true,"href":"https:\/\/ch.alfasigma.com\/it\/wp-json\/wp\/v2\/users\/4"}],"replies":[{"embeddable":true,"href":"https:\/\/ch.alfasigma.com\/it\/wp-json\/wp\/v2\/comments?post=3787"}],"version-history":[{"count":0,"href":"https:\/\/ch.alfasigma.com\/it\/wp-json\/wp\/v2\/posts\/3787\/revisions"}],"wp:featuredmedia":[{"embeddable":true,"href":"https:\/\/ch.alfasigma.com\/it\/wp-json\/wp\/v2\/media\/3788"}],"wp:attachment":[{"href":"https:\/\/ch.alfasigma.com\/it\/wp-json\/wp\/v2\/media?parent=3787"}],"wp:term":[{"taxonomy":"category","embeddable":true,"href":"https:\/\/ch.alfasigma.com\/it\/wp-json\/wp\/v2\/categories?post=3787"},{"taxonomy":"post_tag","embeddable":true,"href":"https:\/\/ch.alfasigma.com\/it\/wp-json\/wp\/v2\/tags?post=3787"}],"curies":[{"name":"wp","href":"https:\/\/api.w.org\/{rel}","templated":true}]}}