{"id":3858,"date":"2021-10-28T13:23:46","date_gmt":"2021-10-28T13:23:46","guid":{"rendered":"https:\/\/ch.alfasigma.com\/?p=3858"},"modified":"2021-10-28T13:24:12","modified_gmt":"2021-10-28T13:24:12","slug":"giornata-mondiale-della-psoriasi-alfasigma-al-fianco-di-apiafco-a-supporto-dei-pazienti","status":"publish","type":"post","link":"https:\/\/ch.alfasigma.com\/it\/corporate\/giornata-mondiale-della-psoriasi-alfasigma-al-fianco-di-apiafco-a-supporto-dei-pazienti\/","title":{"rendered":"Giornata Mondiale della Psoriasi: Alfasigma al fianco di Apiafco, a supporto dei pazienti"},"content":{"rendered":"<p>Pazienti costretti a fare i conti con chiazze e macule distribuite su tutto il corpo, spesso in parti difficili da trattare, come cuoio capelluto, unghie, palmo delle mani e dei piedi e che, in alcuni casi, si associano a manifestazioni a carico delle articolazioni delle mani, dolore improvviso al ginocchio, al polso o alla caviglia o a veri e propri gruppi di articolazioni. Si tratta della psoriasi, patologia infiammatoria immunomediata che colpisce, solo in Italia, circa 1.500.000 di persone, mentre in Europa interessa circa 14 milioni di persone e 125 milioni nel mondo.<\/p>\n<p>In occasione della <strong>Giornata Mondiale della Psoriasi<\/strong> che si celebra in tutto il mondo il <strong>29 ottobre<\/strong> e il cui scopo \u00e8 quello di <strong>aumentare la conoscenza verso questa patologia, Alfasigma \u00e8 al fianco di Apiafco, a supporto dei pazienti. Inoltre, l\u2019azienda ha avviato anche una <\/strong>propria iniziativa di sensibilizzazione informativa attraverso i canali social corporate.<\/p>\n<p>La psoriasi \u00e8 tradizionalmente definita come una malattia infiammatoria della pelle ad andamento cronico-recidivante che, nella sua forma pi\u00f9 comune, si manifesta con placche eritemato-squamose localizzate sulle superfici estensorie del corpo. <strong>La prevalenza<\/strong> nella popolazione generale italiana \u00e8 stimata <strong>al 2,8%<a href=\"#_ftn1\" name=\"_ftnref1\">[1]<\/a><\/strong> e l\u2019insorgenza avviene prevalentemente <strong>in due fasce d\u2019et\u00e0<\/strong>, una precoce, intorno ai <strong>20-30 anni<\/strong>, e una tardiva, <strong>circa a 60 anni<\/strong>. In Italia l\u2019incidenza stimata della psoriasi \u00e8 2.30-3.21 casi per 1000 persone all\u2019anno<a href=\"#_ftn2\" name=\"_ftnref2\">[2]<\/a>.<\/p>\n<p><strong>La psoriasi non \u00e8 solo un problema estetico ma soprattutto un vero e proprio problema di salute.<\/strong> \u201cLa psoriasi, come peraltro molte altre malattie croniche della pelle, viene spesso percepita come un mero problema estetico e pertanto poco considerata dal non addetto ai lavori cos\u00ec come dal decisore politico di turno. Spesso e volentieri, tuttavia, il suo impatto sulla vita della persona che ne \u00e8 affetta risulta devastante - spiega <strong>Francesco Cusano Presidente Adoi <\/strong>-. Ci\u00f2 si verifica non soltanto come conseguenza dei frequenti coinvolgimenti di altri organi cui si estende la patologia, quali articolazioni, tratto gastroenterico, apparato cardio-vascolare, occhio, n\u00e9 come semplice riduzione della qualit\u00e0 della vita in un tratto pi\u00f9 o meno lungo della stessa, quanto piuttosto condizionando in maniera significativa l\u2019individuo nei momenti cruciali e nelle tappe della sua esistenza, impedendogli di esercitare alcune professioni, ad esempio, di frequentare ambienti collegiali quali spiagge o piscine, di praticare sport o altre attivit\u00e0 ludiche o ricreative, fino al forte condizionamento o alla rinuncia a una vita familiare o comunque strettamente relazionale\u201d.<\/p>\n<p>La ricerca ha infatti dimostrato che la psoriasi \u00e8 una malattia complessa, autoimmune, sistemica. \u201cL'infiammazione della pelle \u00e8\u00a0soltanto la manifestazione esterna - dichiara <strong>Valeria Corazza, Presidente Apiafco<\/strong> -. La persona psoriasica spesso ha problemi cardiocircolatori, molto spesso reumatologici. Altre\u00a0co-morbidita' che hanno un impatto significativo sono la sindrome metabolica, l'obesit\u00e0 e in moltissimi casi la depressione. Ecco perch\u00e9 la definisco la malattia dei forti, data la sofferenza fisica psicologia e sociale che provoca\u201d.<\/p>\n<p>A tutto questo si aggiunge il problema della <strong>diagnosi<\/strong> che spesso avviene dopo molti anni dalla comparsa dei primi sintomi, quando invece una diagnosi corretta ed in tempi brevi permetterebbe un accesso al trattamento ed un miglioramento pi\u00f9 probabile e rapido della malattia. Da uno studio condotto dal Censis su di un campione di 300 pazienti \u00e8 infatti emerso che il 70% di questi passa da uno specialista ad un altro per ottenere una diagnosi corretta ed il 50% si rivolge in media a 4 diversi specialisti o centri prima di individuare il medico referente cui affidarsi per le cure. \u201cAutodiagnosi, diagnosi sbagliate, cure iniziali non efficaci e prolungate nel tempo. Presa in carico ritardata dello specialista di un paziente sfiduciato, diffidente, critico e poco collaborativo. Sono gli ingredienti di una situazione grave - aggiunge Corazza -. La tutela del paziente perch\u00e9 abbia la migliore assistenza disponibile ovunque \u00e8 una delle\u00a0missioni e lotte di Apiafco.\u201d<\/p>\n<p>Inoltre, il <strong>paziente con psoriasi \u00e8 un paziente cronico<\/strong> e va gestito quindi nel lungo periodo, <strong>circa per 30-40 anni<\/strong>. \u201cLe terapie tradizionali, cos\u00ec come la stessa fototerapia \u2013 continua Cusano - rappresentano opzioni ancora valide, non soltanto nei pazienti che non possono o non vogliono praticare terapie con i pi\u00f9 moderni farmaci biotecnologici. L\u2019adattamento dell\u2019organismo a un certo tipo di farmaco biotecnologico induce talvolta una progressiva perdita di efficacia del farmaco stesso. Considerando appunto che si tratta di terapie da praticare per tutta la vita, si capisce come sia opportuno mantenere una opzione terapeutica in pi\u00f9 con un farmaco che, oltre a consentire di controllare con successo una certa percentuale di pazienti a tempo indeterminato, ritardi spesso l\u2019accesso al biologico di alcuni anni posticipando quindi il potenziale esaurimento delle risorse terapeutiche a nostra disposizione. A questo aggiunge Corazza: \u201cTrattandosi di una patologia cronica non esiste una cura, ma gli effetti possono essere tenuti sotto controllo attraverso le alternative terapeutiche a disposizione, comunemente distinte in tre gruppi: i trattamenti topici, indicati per i pazienti che presentano forme lievi della patologia, i trattamenti fototerapici e i trattamenti sistemici biologici e non, utilizzati, invece, per i casi moderati-gravi\u201d.<\/p>\n<p>In occasione della Giornata Mondiale della Psoriasi 2021 Apiafco desidera rivolgersi ai propri soci e a tutti i pazienti psoriasici, i veri protagonisti di questa giornata. Verranno dunque poste in essere diverse iniziative, a partire dalla settimana di avvicinamento alla giornata mondiale, che culmineranno proprio in quella data attraverso: una campagna social di sensibilizzazione e preparazione alla giornata mondiale. Durante la settimana di avvicinamento alla giornata mondiale, inoltre, Apiafco metter\u00e0 a disposizione dei pazienti un supporto medico consulenziale telefonico rispetto a varie problematiche come richieste sulla terapia in corso, valutazione degli esami, dubbi in merito ad eventi avversi a cui si \u00e8 andati incontro. Infine, si terr\u00e0 un evento online con i soci dell\u2019associazione e trasmesso in diretta Facebook, per fare il punto sulle iniziative messe in campo nel corso del 2021 nonch\u00e9 su quelle in itinere e per il prossimo futuro, dal rinnovato pressing sulle istituzioni per l\u2019inserimento della patologia nel Piano nazionale delle cronicit\u00e0, all\u2019impegno nello sviluppo della medicina digitale.<\/p>\n<p>Alfasigma conferma il suo impegno a fianco delle societ\u00e0 scientifiche e dell\u2019associazione dei pazienti.<\/p>\n<h6><span style=\"color: #000000;\"><a style=\"color: #000000;\" href=\"#_ftnref1\" name=\"_ftn1\">[1]<\/a> A. \u201cEpidemiology of psoriasisi. Current drug target\u201d, Naldi 2004; 3:121-128;<\/span><\/h6>\n<ul>\n<li>\n<h6><span style=\"color: #000000;\">Sivanesan S, Gattu S et al. Randomized, double-blind, placebo-controlled evaluation of the efficacy of oral\u00a0\u00a0\u00a0\u00a0 psoralen plus ultraviolet A for the treatment of plaque-type psoriasis using the Psoriasis Area Severity Index score (improvement of 75% or greater) at 12 weeks. J Am AcadDermatol 2009;61:793-8.<\/span><\/h6>\n<\/li>\n<li>\n<h6><span style=\"color: #000000;\">Lasagni C, Bigi L, Conti A, Pellacani G. Successful therapy of plaque-type psoriasis with secukinumab in patients with multiple comorbidities treated with previous biologic therapies. J Dermatolog Treat. 2018;29(sup2):5\u20138. [cited 2020 Oct 19]<\/span><\/h6>\n<\/li>\n<\/ul>\n<h6><span style=\"color: #000000;\"><a style=\"color: #000000;\" href=\"#_ftnref2\" name=\"_ftn2\">[2]<\/a> Vena GA, Altomare G, Ayala F, Berardesca E, Calzavara-Pinton P, Chimenti S, et al. Incidence of psoriasis and association with comorbidities in Italy: A 5- year observational study from a national primary care database. Eur J Dermatology. 2010;20(5):593\u20138. [cited 2020 Oct 19]<\/span><\/h6>\n","protected":false},"excerpt":{"rendered":"<p>In occasione della Giornata Mondiale della Psoriasi che si celebra in tutto il mondo il 29 ottobre e il cui scopo \u00e8 quello di aumentare la conoscenza verso questa patologia, Alfasigma \u00e8 al fianco di Apiafco, a supporto dei pazienti. Inoltre, l\u2019azienda ha avviato anche una propria iniziativa di sensibilizzazione informativa attraverso i canali social corporate.<\/p>\n","protected":false},"author":4,"featured_media":3860,"comment_status":"closed","ping_status":"closed","sticky":false,"template":"","format":"standard","meta":{"_acf_changed":false,"footnotes":""},"categories":[5],"tags":[76,75],"class_list":["post-3858","post","type-post","status-publish","format-standard","has-post-thumbnail","hentry","category-corporate","tag-apiafco","tag-psoriasi"],"acf":[],"yoast_head":"<!-- This site is optimized with the Yoast SEO plugin v27.3 - https:\/\/yoast.com\/product\/yoast-seo-wordpress\/ -->\n<title>Alfasigma Schweiz - Giornata Mondiale della Psoriasi: Alfasigma al fianco di Apiafco, a supporto dei pazienti<\/title>\n<meta name=\"description\" content=\"In occasione della Giornata Mondiale della Psoriasi che si celebra in tutto il mondo il 29 ottobre e il cui scopo \u00e8 quello di aumentare la conoscenza verso questa patologia, Alfasigma \u00e8 al fianco di Apiafco, a supporto dei pazienti. Inoltre, l\u2019azienda ha avviato anche una propria iniziativa di sensibilizzazione informativa attraverso i canali social corporate.\" \/>\n<meta name=\"robots\" content=\"index,follow\" \/>\n<link rel=\"canonical\" href=\"https:\/\/ch.alfasigma.com\/it\/corporate\/giornata-mondiale-della-psoriasi-alfasigma-al-fianco-di-apiafco-a-supporto-dei-pazienti\/\" \/>\n<meta property=\"og:locale\" content=\"it_IT\" \/>\n<meta property=\"og:type\" content=\"article\" \/>\n<meta property=\"og:title\" content=\"Alfasigma Schweiz - Giornata Mondiale della Psoriasi: Alfasigma al fianco di Apiafco, a supporto dei pazienti\" \/>\n<meta property=\"og:description\" content=\"In occasione della Giornata Mondiale della Psoriasi che si celebra in tutto il mondo il 29 ottobre e il cui scopo \u00e8 quello di aumentare la conoscenza verso questa patologia, Alfasigma \u00e8 al fianco di Apiafco, a supporto dei pazienti. Inoltre, l\u2019azienda ha avviato anche una propria iniziativa di sensibilizzazione informativa attraverso i canali social corporate.\" \/>\n<meta property=\"og:url\" content=\"https:\/\/ch.alfasigma.com\/it\/corporate\/giornata-mondiale-della-psoriasi-alfasigma-al-fianco-di-apiafco-a-supporto-dei-pazienti\/\" \/>\n<meta property=\"og:site_name\" content=\"Alfasigma Schweiz\" \/>\n<meta property=\"article:published_time\" content=\"2021-10-28T13:23:46+00:00\" \/>\n<meta property=\"article:modified_time\" content=\"2021-10-28T13:24:12+00:00\" \/>\n<meta property=\"og:image\" content=\"https:\/\/ch.alfasigma.com\/wp-content\/uploads\/2021\/10\/Copertina-psoriasi.jpg\" \/>\n\t<meta property=\"og:image:width\" content=\"604\" \/>\n\t<meta property=\"og:image:height\" content=\"352\" \/>\n\t<meta property=\"og:image:type\" content=\"image\/jpeg\" \/>\n<meta name=\"author\" content=\"Corporate Communication\" \/>\n<meta name=\"twitter:card\" content=\"summary_large_image\" \/>\n<meta name=\"twitter:label1\" content=\"Written by\" \/>\n\t<meta name=\"twitter:data1\" content=\"Corporate Communication\" \/>\n\t<meta name=\"twitter:label2\" content=\"Est. reading time\" \/>\n\t<meta name=\"twitter:data2\" content=\"6 minutes\" \/>\n<script type=\"application\/ld+json\" class=\"yoast-schema-graph\">{\"@context\":\"https:\\\/\\\/schema.org\",\"@graph\":[{\"@type\":\"Article\",\"@id\":\"https:\\\/\\\/ch.alfasigma.com\\\/it\\\/corporate\\\/giornata-mondiale-della-psoriasi-alfasigma-al-fianco-di-apiafco-a-supporto-dei-pazienti\\\/#article\",\"isPartOf\":{\"@id\":\"https:\\\/\\\/ch.alfasigma.com\\\/it\\\/corporate\\\/giornata-mondiale-della-psoriasi-alfasigma-al-fianco-di-apiafco-a-supporto-dei-pazienti\\\/\"},\"author\":{\"name\":\"Corporate Communication\",\"@id\":\"https:\\\/\\\/ch.alfasigma.com\\\/it\\\/#\\\/schema\\\/person\\\/5bd603220a50472960f5d5765affa861\"},\"headline\":\"Giornata Mondiale della Psoriasi: Alfasigma al fianco di Apiafco, a supporto dei pazienti\",\"datePublished\":\"2021-10-28T13:23:46+00:00\",\"dateModified\":\"2021-10-28T13:24:12+00:00\",\"mainEntityOfPage\":{\"@id\":\"https:\\\/\\\/ch.alfasigma.com\\\/it\\\/corporate\\\/giornata-mondiale-della-psoriasi-alfasigma-al-fianco-di-apiafco-a-supporto-dei-pazienti\\\/\"},\"wordCount\":1120,\"image\":{\"@id\":\"https:\\\/\\\/ch.alfasigma.com\\\/it\\\/corporate\\\/giornata-mondiale-della-psoriasi-alfasigma-al-fianco-di-apiafco-a-supporto-dei-pazienti\\\/#primaryimage\"},\"thumbnailUrl\":\"https:\\\/\\\/ch.alfasigma.com\\\/wp-content\\\/uploads\\\/2021\\\/10\\\/Copertina-psoriasi.jpg\",\"keywords\":[\"APIAFCO\",\"psoriasi\"],\"articleSection\":[\"Corporate\"],\"inLanguage\":\"it-CH\"},{\"@type\":\"WebPage\",\"@id\":\"https:\\\/\\\/ch.alfasigma.com\\\/it\\\/corporate\\\/giornata-mondiale-della-psoriasi-alfasigma-al-fianco-di-apiafco-a-supporto-dei-pazienti\\\/\",\"url\":\"https:\\\/\\\/ch.alfasigma.com\\\/it\\\/corporate\\\/giornata-mondiale-della-psoriasi-alfasigma-al-fianco-di-apiafco-a-supporto-dei-pazienti\\\/\",\"name\":\"Alfasigma Schweiz - Giornata Mondiale della Psoriasi: Alfasigma al fianco di Apiafco, a supporto dei pazienti\",\"isPartOf\":{\"@id\":\"https:\\\/\\\/ch.alfasigma.com\\\/it\\\/#website\"},\"primaryImageOfPage\":{\"@id\":\"https:\\\/\\\/ch.alfasigma.com\\\/it\\\/corporate\\\/giornata-mondiale-della-psoriasi-alfasigma-al-fianco-di-apiafco-a-supporto-dei-pazienti\\\/#primaryimage\"},\"image\":{\"@id\":\"https:\\\/\\\/ch.alfasigma.com\\\/it\\\/corporate\\\/giornata-mondiale-della-psoriasi-alfasigma-al-fianco-di-apiafco-a-supporto-dei-pazienti\\\/#primaryimage\"},\"thumbnailUrl\":\"https:\\\/\\\/ch.alfasigma.com\\\/wp-content\\\/uploads\\\/2021\\\/10\\\/Copertina-psoriasi.jpg\",\"datePublished\":\"2021-10-28T13:23:46+00:00\",\"dateModified\":\"2021-10-28T13:24:12+00:00\",\"author\":{\"@id\":\"https:\\\/\\\/ch.alfasigma.com\\\/it\\\/#\\\/schema\\\/person\\\/5bd603220a50472960f5d5765affa861\"},\"description\":\"In occasione della Giornata Mondiale della Psoriasi che si celebra in tutto il mondo il 29 ottobre e il cui scopo \u00e8 quello di aumentare la conoscenza verso questa patologia, Alfasigma \u00e8 al fianco di Apiafco, a supporto dei pazienti. Inoltre, l\u2019azienda ha avviato anche una propria iniziativa di sensibilizzazione informativa attraverso i canali social corporate.\",\"breadcrumb\":{\"@id\":\"https:\\\/\\\/ch.alfasigma.com\\\/it\\\/corporate\\\/giornata-mondiale-della-psoriasi-alfasigma-al-fianco-di-apiafco-a-supporto-dei-pazienti\\\/#breadcrumb\"},\"inLanguage\":\"it-CH\",\"potentialAction\":[{\"@type\":\"ReadAction\",\"target\":[\"https:\\\/\\\/ch.alfasigma.com\\\/it\\\/corporate\\\/giornata-mondiale-della-psoriasi-alfasigma-al-fianco-di-apiafco-a-supporto-dei-pazienti\\\/\"]}]},{\"@type\":\"ImageObject\",\"inLanguage\":\"it-CH\",\"@id\":\"https:\\\/\\\/ch.alfasigma.com\\\/it\\\/corporate\\\/giornata-mondiale-della-psoriasi-alfasigma-al-fianco-di-apiafco-a-supporto-dei-pazienti\\\/#primaryimage\",\"url\":\"https:\\\/\\\/ch.alfasigma.com\\\/wp-content\\\/uploads\\\/2021\\\/10\\\/Copertina-psoriasi.jpg\",\"contentUrl\":\"https:\\\/\\\/ch.alfasigma.com\\\/wp-content\\\/uploads\\\/2021\\\/10\\\/Copertina-psoriasi.jpg\",\"width\":604,\"height\":352},{\"@type\":\"BreadcrumbList\",\"@id\":\"https:\\\/\\\/ch.alfasigma.com\\\/it\\\/corporate\\\/giornata-mondiale-della-psoriasi-alfasigma-al-fianco-di-apiafco-a-supporto-dei-pazienti\\\/#breadcrumb\",\"itemListElement\":[{\"@type\":\"ListItem\",\"position\":1,\"name\":\"Home\",\"item\":\"https:\\\/\\\/ch.alfasigma.com\\\/it\\\/\"},{\"@type\":\"ListItem\",\"position\":2,\"name\":\"Corporate\",\"item\":\"https:\\\/\\\/ch.alfasigma.com\\\/it\\\/category\\\/corporate\\\/\"},{\"@type\":\"ListItem\",\"position\":3,\"name\":\"Giornata Mondiale della Psoriasi: Alfasigma al fianco di Apiafco, a supporto dei pazienti\"}]},{\"@type\":\"WebSite\",\"@id\":\"https:\\\/\\\/ch.alfasigma.com\\\/it\\\/#website\",\"url\":\"https:\\\/\\\/ch.alfasigma.com\\\/it\\\/\",\"name\":\"Alfasigma Schweiz\",\"description\":\"Pharmaceuticals with passion\",\"potentialAction\":[{\"@type\":\"SearchAction\",\"target\":{\"@type\":\"EntryPoint\",\"urlTemplate\":\"https:\\\/\\\/ch.alfasigma.com\\\/it\\\/?s={search_term_string}\"},\"query-input\":{\"@type\":\"PropertyValueSpecification\",\"valueRequired\":true,\"valueName\":\"search_term_string\"}}],\"inLanguage\":\"it-CH\"},{\"@type\":\"Person\",\"@id\":\"https:\\\/\\\/ch.alfasigma.com\\\/it\\\/#\\\/schema\\\/person\\\/5bd603220a50472960f5d5765affa861\",\"name\":\"Corporate Communication\",\"image\":{\"@type\":\"ImageObject\",\"inLanguage\":\"it-CH\",\"@id\":\"https:\\\/\\\/secure.gravatar.com\\\/avatar\\\/042fcc2107b19c7891dc8dcd8f9d5753ae55897a905b16a42e80fa25bae94303?s=96&d=mm&r=g\",\"url\":\"https:\\\/\\\/secure.gravatar.com\\\/avatar\\\/042fcc2107b19c7891dc8dcd8f9d5753ae55897a905b16a42e80fa25bae94303?s=96&d=mm&r=g\",\"contentUrl\":\"https:\\\/\\\/secure.gravatar.com\\\/avatar\\\/042fcc2107b19c7891dc8dcd8f9d5753ae55897a905b16a42e80fa25bae94303?s=96&d=mm&r=g\",\"caption\":\"Corporate Communication\"}}]}<\/script>\n<!-- \/ Yoast SEO plugin. -->","yoast_head_json":{"title":"Alfasigma Schweiz - Giornata Mondiale della Psoriasi: Alfasigma al fianco di Apiafco, a supporto dei pazienti","description":"In occasione della Giornata Mondiale della Psoriasi che si celebra in tutto il mondo il 29 ottobre e il cui scopo \u00e8 quello di aumentare la conoscenza verso questa patologia, Alfasigma \u00e8 al fianco di Apiafco, a supporto dei pazienti. Inoltre, l\u2019azienda ha avviato anche una propria iniziativa di sensibilizzazione informativa attraverso i canali social corporate.","robots":{"index,follow":"index,follow"},"canonical":"https:\/\/ch.alfasigma.com\/it\/corporate\/giornata-mondiale-della-psoriasi-alfasigma-al-fianco-di-apiafco-a-supporto-dei-pazienti\/","og_locale":"it_IT","og_type":"article","og_title":"Alfasigma Schweiz - Giornata Mondiale della Psoriasi: Alfasigma al fianco di Apiafco, a supporto dei pazienti","og_description":"In occasione della Giornata Mondiale della Psoriasi che si celebra in tutto il mondo il 29 ottobre e il cui scopo \u00e8 quello di aumentare la conoscenza verso questa patologia, Alfasigma \u00e8 al fianco di Apiafco, a supporto dei pazienti. Inoltre, l\u2019azienda ha avviato anche una propria iniziativa di sensibilizzazione informativa attraverso i canali social corporate.","og_url":"https:\/\/ch.alfasigma.com\/it\/corporate\/giornata-mondiale-della-psoriasi-alfasigma-al-fianco-di-apiafco-a-supporto-dei-pazienti\/","og_site_name":"Alfasigma Schweiz","article_published_time":"2021-10-28T13:23:46+00:00","article_modified_time":"2021-10-28T13:24:12+00:00","og_image":[{"width":604,"height":352,"url":"https:\/\/ch.alfasigma.com\/wp-content\/uploads\/2021\/10\/Copertina-psoriasi.jpg","type":"image\/jpeg"}],"author":"Corporate Communication","twitter_card":"summary_large_image","twitter_misc":{"Written by":"Corporate Communication","Est. reading time":"6 minutes"},"schema":{"@context":"https:\/\/schema.org","@graph":[{"@type":"Article","@id":"https:\/\/ch.alfasigma.com\/it\/corporate\/giornata-mondiale-della-psoriasi-alfasigma-al-fianco-di-apiafco-a-supporto-dei-pazienti\/#article","isPartOf":{"@id":"https:\/\/ch.alfasigma.com\/it\/corporate\/giornata-mondiale-della-psoriasi-alfasigma-al-fianco-di-apiafco-a-supporto-dei-pazienti\/"},"author":{"name":"Corporate Communication","@id":"https:\/\/ch.alfasigma.com\/it\/#\/schema\/person\/5bd603220a50472960f5d5765affa861"},"headline":"Giornata Mondiale della Psoriasi: Alfasigma al fianco di Apiafco, a supporto dei pazienti","datePublished":"2021-10-28T13:23:46+00:00","dateModified":"2021-10-28T13:24:12+00:00","mainEntityOfPage":{"@id":"https:\/\/ch.alfasigma.com\/it\/corporate\/giornata-mondiale-della-psoriasi-alfasigma-al-fianco-di-apiafco-a-supporto-dei-pazienti\/"},"wordCount":1120,"image":{"@id":"https:\/\/ch.alfasigma.com\/it\/corporate\/giornata-mondiale-della-psoriasi-alfasigma-al-fianco-di-apiafco-a-supporto-dei-pazienti\/#primaryimage"},"thumbnailUrl":"https:\/\/ch.alfasigma.com\/wp-content\/uploads\/2021\/10\/Copertina-psoriasi.jpg","keywords":["APIAFCO","psoriasi"],"articleSection":["Corporate"],"inLanguage":"it-CH"},{"@type":"WebPage","@id":"https:\/\/ch.alfasigma.com\/it\/corporate\/giornata-mondiale-della-psoriasi-alfasigma-al-fianco-di-apiafco-a-supporto-dei-pazienti\/","url":"https:\/\/ch.alfasigma.com\/it\/corporate\/giornata-mondiale-della-psoriasi-alfasigma-al-fianco-di-apiafco-a-supporto-dei-pazienti\/","name":"Alfasigma Schweiz - Giornata Mondiale della Psoriasi: Alfasigma al fianco di Apiafco, a supporto dei pazienti","isPartOf":{"@id":"https:\/\/ch.alfasigma.com\/it\/#website"},"primaryImageOfPage":{"@id":"https:\/\/ch.alfasigma.com\/it\/corporate\/giornata-mondiale-della-psoriasi-alfasigma-al-fianco-di-apiafco-a-supporto-dei-pazienti\/#primaryimage"},"image":{"@id":"https:\/\/ch.alfasigma.com\/it\/corporate\/giornata-mondiale-della-psoriasi-alfasigma-al-fianco-di-apiafco-a-supporto-dei-pazienti\/#primaryimage"},"thumbnailUrl":"https:\/\/ch.alfasigma.com\/wp-content\/uploads\/2021\/10\/Copertina-psoriasi.jpg","datePublished":"2021-10-28T13:23:46+00:00","dateModified":"2021-10-28T13:24:12+00:00","author":{"@id":"https:\/\/ch.alfasigma.com\/it\/#\/schema\/person\/5bd603220a50472960f5d5765affa861"},"description":"In occasione della Giornata Mondiale della Psoriasi che si celebra in tutto il mondo il 29 ottobre e il cui scopo \u00e8 quello di aumentare la conoscenza verso questa patologia, Alfasigma \u00e8 al fianco di Apiafco, a supporto dei pazienti. Inoltre, l\u2019azienda ha avviato anche una propria iniziativa di sensibilizzazione informativa attraverso i canali social corporate.","breadcrumb":{"@id":"https:\/\/ch.alfasigma.com\/it\/corporate\/giornata-mondiale-della-psoriasi-alfasigma-al-fianco-di-apiafco-a-supporto-dei-pazienti\/#breadcrumb"},"inLanguage":"it-CH","potentialAction":[{"@type":"ReadAction","target":["https:\/\/ch.alfasigma.com\/it\/corporate\/giornata-mondiale-della-psoriasi-alfasigma-al-fianco-di-apiafco-a-supporto-dei-pazienti\/"]}]},{"@type":"ImageObject","inLanguage":"it-CH","@id":"https:\/\/ch.alfasigma.com\/it\/corporate\/giornata-mondiale-della-psoriasi-alfasigma-al-fianco-di-apiafco-a-supporto-dei-pazienti\/#primaryimage","url":"https:\/\/ch.alfasigma.com\/wp-content\/uploads\/2021\/10\/Copertina-psoriasi.jpg","contentUrl":"https:\/\/ch.alfasigma.com\/wp-content\/uploads\/2021\/10\/Copertina-psoriasi.jpg","width":604,"height":352},{"@type":"BreadcrumbList","@id":"https:\/\/ch.alfasigma.com\/it\/corporate\/giornata-mondiale-della-psoriasi-alfasigma-al-fianco-di-apiafco-a-supporto-dei-pazienti\/#breadcrumb","itemListElement":[{"@type":"ListItem","position":1,"name":"Home","item":"https:\/\/ch.alfasigma.com\/it\/"},{"@type":"ListItem","position":2,"name":"Corporate","item":"https:\/\/ch.alfasigma.com\/it\/category\/corporate\/"},{"@type":"ListItem","position":3,"name":"Giornata Mondiale della Psoriasi: Alfasigma al fianco di Apiafco, a supporto dei pazienti"}]},{"@type":"WebSite","@id":"https:\/\/ch.alfasigma.com\/it\/#website","url":"https:\/\/ch.alfasigma.com\/it\/","name":"Alfasigma Schweiz","description":"Pharmaceuticals with passion","potentialAction":[{"@type":"SearchAction","target":{"@type":"EntryPoint","urlTemplate":"https:\/\/ch.alfasigma.com\/it\/?s={search_term_string}"},"query-input":{"@type":"PropertyValueSpecification","valueRequired":true,"valueName":"search_term_string"}}],"inLanguage":"it-CH"},{"@type":"Person","@id":"https:\/\/ch.alfasigma.com\/it\/#\/schema\/person\/5bd603220a50472960f5d5765affa861","name":"Corporate Communication","image":{"@type":"ImageObject","inLanguage":"it-CH","@id":"https:\/\/secure.gravatar.com\/avatar\/042fcc2107b19c7891dc8dcd8f9d5753ae55897a905b16a42e80fa25bae94303?s=96&d=mm&r=g","url":"https:\/\/secure.gravatar.com\/avatar\/042fcc2107b19c7891dc8dcd8f9d5753ae55897a905b16a42e80fa25bae94303?s=96&d=mm&r=g","contentUrl":"https:\/\/secure.gravatar.com\/avatar\/042fcc2107b19c7891dc8dcd8f9d5753ae55897a905b16a42e80fa25bae94303?s=96&d=mm&r=g","caption":"Corporate Communication"}}]}},"_links":{"self":[{"href":"https:\/\/ch.alfasigma.com\/it\/wp-json\/wp\/v2\/posts\/3858","targetHints":{"allow":["GET"]}}],"collection":[{"href":"https:\/\/ch.alfasigma.com\/it\/wp-json\/wp\/v2\/posts"}],"about":[{"href":"https:\/\/ch.alfasigma.com\/it\/wp-json\/wp\/v2\/types\/post"}],"author":[{"embeddable":true,"href":"https:\/\/ch.alfasigma.com\/it\/wp-json\/wp\/v2\/users\/4"}],"replies":[{"embeddable":true,"href":"https:\/\/ch.alfasigma.com\/it\/wp-json\/wp\/v2\/comments?post=3858"}],"version-history":[{"count":0,"href":"https:\/\/ch.alfasigma.com\/it\/wp-json\/wp\/v2\/posts\/3858\/revisions"}],"wp:featuredmedia":[{"embeddable":true,"href":"https:\/\/ch.alfasigma.com\/it\/wp-json\/wp\/v2\/media\/3860"}],"wp:attachment":[{"href":"https:\/\/ch.alfasigma.com\/it\/wp-json\/wp\/v2\/media?parent=3858"}],"wp:term":[{"taxonomy":"category","embeddable":true,"href":"https:\/\/ch.alfasigma.com\/it\/wp-json\/wp\/v2\/categories?post=3858"},{"taxonomy":"post_tag","embeddable":true,"href":"https:\/\/ch.alfasigma.com\/it\/wp-json\/wp\/v2\/tags?post=3858"}],"curies":[{"name":"wp","href":"https:\/\/api.w.org\/{rel}","templated":true}]}}