{"id":3879,"date":"2021-11-03T09:37:20","date_gmt":"2021-11-03T09:37:20","guid":{"rendered":"https:\/\/ch.alfasigma.com\/?p=3879"},"modified":"2021-11-03T09:37:39","modified_gmt":"2021-11-03T09:37:39","slug":"alfasigma-tra-i-sostenitori-della-nuova-edizione-del-festival-della-scienza-medica","status":"publish","type":"post","link":"https:\/\/ch.alfasigma.com\/it\/corporate\/alfasigma-tra-i-sostenitori-della-nuova-edizione-del-festival-della-scienza-medica\/","title":{"rendered":"Alfasigma tra i sostenitori della nuova edizione del Festival della Scienza Medica"},"content":{"rendered":"<p><strong><i>\u201cCovid-19, Cosa abbiamo imparato dalla pandemia?\u201d<\/i><\/strong>\u00a0questo il tema centrale, ma non unico, del settimo\u00a0<strong>Festival della Scienza Medica, il 6 novembre 2021, in diretta da Palazzo Pepoli di Bologna<\/strong>. Obiettivo dell\u2019incontro \u00e8 promuovere una riflessione su quanto \u00e8 accaduto e sta accadendo nel corso della terribile esperienza, mettendo in luce e accentuando la necessit\u00e0 di un decisivo rinnovamento della filosofia e della pratica istituzionale della sanit\u00e0 pubblica nel nostro Paese.<\/p>\n<p>Alfasigma \u00e8 tra i sostenitori di questo evento i cui protagonisti saranno premi Nobel, scienziati, medici e ricercatori da tutto il mondo, i quali daranno vita a un dibattito strutturato sull\u2019emergenza sanitaria, analizzata dal punto di vista medico, scientifico, economico, sociale e politico.<\/p>\n<p>Il programma, infatti, si concentra in un\u2019unica giornata nella quale si alterneranno\u00a0<strong>13 relatori<\/strong>, moderati da\u00a0<strong>Luigi Bolondi<\/strong>, Professore di Medicina Interna all\u2019Universit\u00e0 di Bologna e da\u00a0<strong>Gilberto Corbellini<\/strong>, Ordinario di Storia della Medicina e Bioetica alla Sapienza di Roma. Tra gli ospiti spiccano i nomi di\u00a0<strong>John Ioannidis<\/strong>, uno dei massimi epidemiologi al mondo, con un intervento dal titolo \u00abLezioni di epidemiologia alla fine della pandemia\u00bb;\u00a0<strong>Stephen H. Powis<\/strong>, National Medical Director al National Health Service e Professore di Nefrologia all\u2019University College di Londra, che far\u00e0 un punto sulla gestione della pandemia nel Regno Unito, che oggi vede nuovamente aumentare i contagi in maniera drastica e\u00a0<strong>Silvio Brusaferro<\/strong>\u00a0che si concentrer\u00e0 su \u201cLa sanit\u00e0 pubblica durante e dopo la pandemia\u201d.<\/p>\n<p>Per maggiori informazioni sul\u00a0<a title=\"https:\/\/bolognamedicina.it\/programma\/eventi\/\" href=\"https:\/\/bolognamedicina.it\/programma\/eventi\/\" data-cke-saved-href=\"https:\/\/bolognamedicina.it\/programma\/eventi\/\" data-interception=\"on\">programma della giornata<\/a>\u00a0e per seguire il\u00a0<strong>Festival in diretta streaming \u00e8 necessario registrarsi alla piattaforma<\/strong>\u00a0accessibile dal sito\u00a0<a href=\"http:\/\/www.festivalscienzamedica.it\/\" data-cke-saved-href=\"http:\/\/www.festivalscienzamedica.it\/\">www.festivalscienzamedica.it<\/a>.<\/p>\n","protected":false},"excerpt":{"rendered":"<p>\u201cCovid-19, Cosa abbiamo imparato dalla pandemia?\u201d\u00a0questo il tema centrale, ma non unico, del settimo\u00a0Festival della Scienza Medica, il 6 novembre 2021, in diretta da Palazzo Pepoli di Bologna. Obiettivo dell\u2019incontro \u00e8 promuovere una riflessione su quanto \u00e8 accaduto e sta accadendo nel corso della terribile esperienza, mettendo in luce e accentuando la necessit\u00e0 di un decisivo rinnovamento della filosofia e della pratica istituzionale della sanit\u00e0 pubblica nel nostro Paese.<\/p>\n","protected":false},"author":4,"featured_media":3880,"comment_status":"closed","ping_status":"closed","sticky":false,"template":"","format":"standard","meta":{"_acf_changed":false,"footnotes":""},"categories":[5],"tags":[83],"class_list":["post-3879","post","type-post","status-publish","format-standard","has-post-thumbnail","hentry","category-corporate","tag-festival-della-scienza-medica"],"acf":[],"yoast_head":"<!-- This site is optimized with the Yoast SEO plugin v27.3 - https:\/\/yoast.com\/product\/yoast-seo-wordpress\/ -->\n<title>Alfasigma Schweiz - Alfasigma tra i sostenitori della nuova edizione del Festival della Scienza Medica<\/title>\n<meta name=\"description\" content=\"\u201cCovid-19, Cosa abbiamo imparato dalla pandemia?\u201d\u00a0questo il tema centrale, ma non unico, del settimo\u00a0Festival della Scienza Medica, il 6 novembre 2021, in diretta da Palazzo Pepoli di Bologna. Obiettivo dell\u2019incontro \u00e8 promuovere una riflessione su quanto \u00e8 accaduto e sta accadendo nel corso della terribile esperienza, mettendo in luce e accentuando la necessit\u00e0 di un decisivo rinnovamento della filosofia e della pratica istituzionale della sanit\u00e0 pubblica nel nostro Paese.\" \/>\n<meta name=\"robots\" content=\"index,follow\" \/>\n<link rel=\"canonical\" href=\"https:\/\/ch.alfasigma.com\/it\/corporate\/alfasigma-tra-i-sostenitori-della-nuova-edizione-del-festival-della-scienza-medica\/\" \/>\n<meta property=\"og:locale\" content=\"it_IT\" \/>\n<meta property=\"og:type\" content=\"article\" \/>\n<meta property=\"og:title\" content=\"Alfasigma Schweiz - Alfasigma tra i sostenitori della nuova edizione del Festival della Scienza Medica\" \/>\n<meta property=\"og:description\" content=\"\u201cCovid-19, Cosa abbiamo imparato dalla pandemia?\u201d\u00a0questo il tema centrale, ma non unico, del settimo\u00a0Festival della Scienza Medica, il 6 novembre 2021, in diretta da Palazzo Pepoli di Bologna. Obiettivo dell\u2019incontro \u00e8 promuovere una riflessione su quanto \u00e8 accaduto e sta accadendo nel corso della terribile esperienza, mettendo in luce e accentuando la necessit\u00e0 di un decisivo rinnovamento della filosofia e della pratica istituzionale della sanit\u00e0 pubblica nel nostro Paese.\" \/>\n<meta property=\"og:url\" content=\"https:\/\/ch.alfasigma.com\/it\/corporate\/alfasigma-tra-i-sostenitori-della-nuova-edizione-del-festival-della-scienza-medica\/\" \/>\n<meta property=\"og:site_name\" content=\"Alfasigma Schweiz\" \/>\n<meta property=\"article:published_time\" content=\"2021-11-03T09:37:20+00:00\" \/>\n<meta property=\"article:modified_time\" content=\"2021-11-03T09:37:39+00:00\" \/>\n<meta property=\"og:image\" content=\"https:\/\/ch.alfasigma.com\/wp-content\/uploads\/2021\/11\/Festival-della-Scienza-Medica-2021.jpg\" \/>\n\t<meta property=\"og:image:width\" content=\"1658\" \/>\n\t<meta property=\"og:image:height\" content=\"720\" \/>\n\t<meta property=\"og:image:type\" content=\"image\/jpeg\" \/>\n<meta name=\"author\" content=\"Corporate Communication\" \/>\n<meta name=\"twitter:card\" content=\"summary_large_image\" \/>\n<meta name=\"twitter:label1\" content=\"Written by\" \/>\n\t<meta name=\"twitter:data1\" content=\"Corporate Communication\" \/>\n\t<meta name=\"twitter:label2\" content=\"Est. reading time\" \/>\n\t<meta name=\"twitter:data2\" content=\"2 minutes\" \/>\n<script type=\"application\/ld+json\" class=\"yoast-schema-graph\">{\"@context\":\"https:\\\/\\\/schema.org\",\"@graph\":[{\"@type\":\"Article\",\"@id\":\"https:\\\/\\\/ch.alfasigma.com\\\/it\\\/corporate\\\/alfasigma-tra-i-sostenitori-della-nuova-edizione-del-festival-della-scienza-medica\\\/#article\",\"isPartOf\":{\"@id\":\"https:\\\/\\\/ch.alfasigma.com\\\/it\\\/corporate\\\/alfasigma-tra-i-sostenitori-della-nuova-edizione-del-festival-della-scienza-medica\\\/\"},\"author\":{\"name\":\"Corporate Communication\",\"@id\":\"https:\\\/\\\/ch.alfasigma.com\\\/it\\\/#\\\/schema\\\/person\\\/5bd603220a50472960f5d5765affa861\"},\"headline\":\"Alfasigma tra i sostenitori della nuova edizione del Festival della Scienza Medica\",\"datePublished\":\"2021-11-03T09:37:20+00:00\",\"dateModified\":\"2021-11-03T09:37:39+00:00\",\"mainEntityOfPage\":{\"@id\":\"https:\\\/\\\/ch.alfasigma.com\\\/it\\\/corporate\\\/alfasigma-tra-i-sostenitori-della-nuova-edizione-del-festival-della-scienza-medica\\\/\"},\"wordCount\":271,\"image\":{\"@id\":\"https:\\\/\\\/ch.alfasigma.com\\\/it\\\/corporate\\\/alfasigma-tra-i-sostenitori-della-nuova-edizione-del-festival-della-scienza-medica\\\/#primaryimage\"},\"thumbnailUrl\":\"https:\\\/\\\/ch.alfasigma.com\\\/wp-content\\\/uploads\\\/2021\\\/11\\\/Festival-della-Scienza-Medica-2021.jpg\",\"keywords\":[\"Festival della Scienza Medica\"],\"articleSection\":[\"Corporate\"],\"inLanguage\":\"it-CH\"},{\"@type\":\"WebPage\",\"@id\":\"https:\\\/\\\/ch.alfasigma.com\\\/it\\\/corporate\\\/alfasigma-tra-i-sostenitori-della-nuova-edizione-del-festival-della-scienza-medica\\\/\",\"url\":\"https:\\\/\\\/ch.alfasigma.com\\\/it\\\/corporate\\\/alfasigma-tra-i-sostenitori-della-nuova-edizione-del-festival-della-scienza-medica\\\/\",\"name\":\"Alfasigma Schweiz - Alfasigma tra i sostenitori della nuova edizione del Festival della Scienza Medica\",\"isPartOf\":{\"@id\":\"https:\\\/\\\/ch.alfasigma.com\\\/it\\\/#website\"},\"primaryImageOfPage\":{\"@id\":\"https:\\\/\\\/ch.alfasigma.com\\\/it\\\/corporate\\\/alfasigma-tra-i-sostenitori-della-nuova-edizione-del-festival-della-scienza-medica\\\/#primaryimage\"},\"image\":{\"@id\":\"https:\\\/\\\/ch.alfasigma.com\\\/it\\\/corporate\\\/alfasigma-tra-i-sostenitori-della-nuova-edizione-del-festival-della-scienza-medica\\\/#primaryimage\"},\"thumbnailUrl\":\"https:\\\/\\\/ch.alfasigma.com\\\/wp-content\\\/uploads\\\/2021\\\/11\\\/Festival-della-Scienza-Medica-2021.jpg\",\"datePublished\":\"2021-11-03T09:37:20+00:00\",\"dateModified\":\"2021-11-03T09:37:39+00:00\",\"author\":{\"@id\":\"https:\\\/\\\/ch.alfasigma.com\\\/it\\\/#\\\/schema\\\/person\\\/5bd603220a50472960f5d5765affa861\"},\"description\":\"\u201cCovid-19, Cosa abbiamo imparato dalla pandemia?\u201d\u00a0questo il tema centrale, ma non unico, del settimo\u00a0Festival della Scienza Medica, il 6 novembre 2021, in diretta da Palazzo Pepoli di Bologna. Obiettivo dell\u2019incontro \u00e8 promuovere una riflessione su quanto \u00e8 accaduto e sta accadendo nel corso della terribile esperienza, mettendo in luce e accentuando la necessit\u00e0 di un decisivo rinnovamento della filosofia e della pratica istituzionale della sanit\u00e0 pubblica nel nostro Paese.\",\"breadcrumb\":{\"@id\":\"https:\\\/\\\/ch.alfasigma.com\\\/it\\\/corporate\\\/alfasigma-tra-i-sostenitori-della-nuova-edizione-del-festival-della-scienza-medica\\\/#breadcrumb\"},\"inLanguage\":\"it-CH\",\"potentialAction\":[{\"@type\":\"ReadAction\",\"target\":[\"https:\\\/\\\/ch.alfasigma.com\\\/it\\\/corporate\\\/alfasigma-tra-i-sostenitori-della-nuova-edizione-del-festival-della-scienza-medica\\\/\"]}]},{\"@type\":\"ImageObject\",\"inLanguage\":\"it-CH\",\"@id\":\"https:\\\/\\\/ch.alfasigma.com\\\/it\\\/corporate\\\/alfasigma-tra-i-sostenitori-della-nuova-edizione-del-festival-della-scienza-medica\\\/#primaryimage\",\"url\":\"https:\\\/\\\/ch.alfasigma.com\\\/wp-content\\\/uploads\\\/2021\\\/11\\\/Festival-della-Scienza-Medica-2021.jpg\",\"contentUrl\":\"https:\\\/\\\/ch.alfasigma.com\\\/wp-content\\\/uploads\\\/2021\\\/11\\\/Festival-della-Scienza-Medica-2021.jpg\",\"width\":1658,\"height\":720},{\"@type\":\"BreadcrumbList\",\"@id\":\"https:\\\/\\\/ch.alfasigma.com\\\/it\\\/corporate\\\/alfasigma-tra-i-sostenitori-della-nuova-edizione-del-festival-della-scienza-medica\\\/#breadcrumb\",\"itemListElement\":[{\"@type\":\"ListItem\",\"position\":1,\"name\":\"Home\",\"item\":\"https:\\\/\\\/ch.alfasigma.com\\\/it\\\/\"},{\"@type\":\"ListItem\",\"position\":2,\"name\":\"Corporate\",\"item\":\"https:\\\/\\\/ch.alfasigma.com\\\/it\\\/category\\\/corporate\\\/\"},{\"@type\":\"ListItem\",\"position\":3,\"name\":\"Alfasigma tra i sostenitori della nuova edizione del Festival della Scienza Medica\"}]},{\"@type\":\"WebSite\",\"@id\":\"https:\\\/\\\/ch.alfasigma.com\\\/it\\\/#website\",\"url\":\"https:\\\/\\\/ch.alfasigma.com\\\/it\\\/\",\"name\":\"Alfasigma Schweiz\",\"description\":\"Pharmaceuticals with passion\",\"potentialAction\":[{\"@type\":\"SearchAction\",\"target\":{\"@type\":\"EntryPoint\",\"urlTemplate\":\"https:\\\/\\\/ch.alfasigma.com\\\/it\\\/?s={search_term_string}\"},\"query-input\":{\"@type\":\"PropertyValueSpecification\",\"valueRequired\":true,\"valueName\":\"search_term_string\"}}],\"inLanguage\":\"it-CH\"},{\"@type\":\"Person\",\"@id\":\"https:\\\/\\\/ch.alfasigma.com\\\/it\\\/#\\\/schema\\\/person\\\/5bd603220a50472960f5d5765affa861\",\"name\":\"Corporate Communication\",\"image\":{\"@type\":\"ImageObject\",\"inLanguage\":\"it-CH\",\"@id\":\"https:\\\/\\\/secure.gravatar.com\\\/avatar\\\/042fcc2107b19c7891dc8dcd8f9d5753ae55897a905b16a42e80fa25bae94303?s=96&d=mm&r=g\",\"url\":\"https:\\\/\\\/secure.gravatar.com\\\/avatar\\\/042fcc2107b19c7891dc8dcd8f9d5753ae55897a905b16a42e80fa25bae94303?s=96&d=mm&r=g\",\"contentUrl\":\"https:\\\/\\\/secure.gravatar.com\\\/avatar\\\/042fcc2107b19c7891dc8dcd8f9d5753ae55897a905b16a42e80fa25bae94303?s=96&d=mm&r=g\",\"caption\":\"Corporate Communication\"}}]}<\/script>\n<!-- \/ Yoast SEO plugin. -->","yoast_head_json":{"title":"Alfasigma Schweiz - Alfasigma tra i sostenitori della nuova edizione del Festival della Scienza Medica","description":"\u201cCovid-19, Cosa abbiamo imparato dalla pandemia?\u201d\u00a0questo il tema centrale, ma non unico, del settimo\u00a0Festival della Scienza Medica, il 6 novembre 2021, in diretta da Palazzo Pepoli di Bologna. Obiettivo dell\u2019incontro \u00e8 promuovere una riflessione su quanto \u00e8 accaduto e sta accadendo nel corso della terribile esperienza, mettendo in luce e accentuando la necessit\u00e0 di un decisivo rinnovamento della filosofia e della pratica istituzionale della sanit\u00e0 pubblica nel nostro Paese.","robots":{"index,follow":"index,follow"},"canonical":"https:\/\/ch.alfasigma.com\/it\/corporate\/alfasigma-tra-i-sostenitori-della-nuova-edizione-del-festival-della-scienza-medica\/","og_locale":"it_IT","og_type":"article","og_title":"Alfasigma Schweiz - Alfasigma tra i sostenitori della nuova edizione del Festival della Scienza Medica","og_description":"\u201cCovid-19, Cosa abbiamo imparato dalla pandemia?\u201d\u00a0questo il tema centrale, ma non unico, del settimo\u00a0Festival della Scienza Medica, il 6 novembre 2021, in diretta da Palazzo Pepoli di Bologna. Obiettivo dell\u2019incontro \u00e8 promuovere una riflessione su quanto \u00e8 accaduto e sta accadendo nel corso della terribile esperienza, mettendo in luce e accentuando la necessit\u00e0 di un decisivo rinnovamento della filosofia e della pratica istituzionale della sanit\u00e0 pubblica nel nostro Paese.","og_url":"https:\/\/ch.alfasigma.com\/it\/corporate\/alfasigma-tra-i-sostenitori-della-nuova-edizione-del-festival-della-scienza-medica\/","og_site_name":"Alfasigma Schweiz","article_published_time":"2021-11-03T09:37:20+00:00","article_modified_time":"2021-11-03T09:37:39+00:00","og_image":[{"width":1658,"height":720,"url":"https:\/\/ch.alfasigma.com\/wp-content\/uploads\/2021\/11\/Festival-della-Scienza-Medica-2021.jpg","type":"image\/jpeg"}],"author":"Corporate Communication","twitter_card":"summary_large_image","twitter_misc":{"Written by":"Corporate Communication","Est. reading time":"2 minutes"},"schema":{"@context":"https:\/\/schema.org","@graph":[{"@type":"Article","@id":"https:\/\/ch.alfasigma.com\/it\/corporate\/alfasigma-tra-i-sostenitori-della-nuova-edizione-del-festival-della-scienza-medica\/#article","isPartOf":{"@id":"https:\/\/ch.alfasigma.com\/it\/corporate\/alfasigma-tra-i-sostenitori-della-nuova-edizione-del-festival-della-scienza-medica\/"},"author":{"name":"Corporate Communication","@id":"https:\/\/ch.alfasigma.com\/it\/#\/schema\/person\/5bd603220a50472960f5d5765affa861"},"headline":"Alfasigma tra i sostenitori della nuova edizione del Festival della Scienza Medica","datePublished":"2021-11-03T09:37:20+00:00","dateModified":"2021-11-03T09:37:39+00:00","mainEntityOfPage":{"@id":"https:\/\/ch.alfasigma.com\/it\/corporate\/alfasigma-tra-i-sostenitori-della-nuova-edizione-del-festival-della-scienza-medica\/"},"wordCount":271,"image":{"@id":"https:\/\/ch.alfasigma.com\/it\/corporate\/alfasigma-tra-i-sostenitori-della-nuova-edizione-del-festival-della-scienza-medica\/#primaryimage"},"thumbnailUrl":"https:\/\/ch.alfasigma.com\/wp-content\/uploads\/2021\/11\/Festival-della-Scienza-Medica-2021.jpg","keywords":["Festival della Scienza Medica"],"articleSection":["Corporate"],"inLanguage":"it-CH"},{"@type":"WebPage","@id":"https:\/\/ch.alfasigma.com\/it\/corporate\/alfasigma-tra-i-sostenitori-della-nuova-edizione-del-festival-della-scienza-medica\/","url":"https:\/\/ch.alfasigma.com\/it\/corporate\/alfasigma-tra-i-sostenitori-della-nuova-edizione-del-festival-della-scienza-medica\/","name":"Alfasigma Schweiz - Alfasigma tra i sostenitori della nuova edizione del Festival della Scienza Medica","isPartOf":{"@id":"https:\/\/ch.alfasigma.com\/it\/#website"},"primaryImageOfPage":{"@id":"https:\/\/ch.alfasigma.com\/it\/corporate\/alfasigma-tra-i-sostenitori-della-nuova-edizione-del-festival-della-scienza-medica\/#primaryimage"},"image":{"@id":"https:\/\/ch.alfasigma.com\/it\/corporate\/alfasigma-tra-i-sostenitori-della-nuova-edizione-del-festival-della-scienza-medica\/#primaryimage"},"thumbnailUrl":"https:\/\/ch.alfasigma.com\/wp-content\/uploads\/2021\/11\/Festival-della-Scienza-Medica-2021.jpg","datePublished":"2021-11-03T09:37:20+00:00","dateModified":"2021-11-03T09:37:39+00:00","author":{"@id":"https:\/\/ch.alfasigma.com\/it\/#\/schema\/person\/5bd603220a50472960f5d5765affa861"},"description":"\u201cCovid-19, Cosa abbiamo imparato dalla pandemia?\u201d\u00a0questo il tema centrale, ma non unico, del settimo\u00a0Festival della Scienza Medica, il 6 novembre 2021, in diretta da Palazzo Pepoli di Bologna. Obiettivo dell\u2019incontro \u00e8 promuovere una riflessione su quanto \u00e8 accaduto e sta accadendo nel corso della terribile esperienza, mettendo in luce e accentuando la necessit\u00e0 di un decisivo rinnovamento della filosofia e della pratica istituzionale della sanit\u00e0 pubblica nel nostro Paese.","breadcrumb":{"@id":"https:\/\/ch.alfasigma.com\/it\/corporate\/alfasigma-tra-i-sostenitori-della-nuova-edizione-del-festival-della-scienza-medica\/#breadcrumb"},"inLanguage":"it-CH","potentialAction":[{"@type":"ReadAction","target":["https:\/\/ch.alfasigma.com\/it\/corporate\/alfasigma-tra-i-sostenitori-della-nuova-edizione-del-festival-della-scienza-medica\/"]}]},{"@type":"ImageObject","inLanguage":"it-CH","@id":"https:\/\/ch.alfasigma.com\/it\/corporate\/alfasigma-tra-i-sostenitori-della-nuova-edizione-del-festival-della-scienza-medica\/#primaryimage","url":"https:\/\/ch.alfasigma.com\/wp-content\/uploads\/2021\/11\/Festival-della-Scienza-Medica-2021.jpg","contentUrl":"https:\/\/ch.alfasigma.com\/wp-content\/uploads\/2021\/11\/Festival-della-Scienza-Medica-2021.jpg","width":1658,"height":720},{"@type":"BreadcrumbList","@id":"https:\/\/ch.alfasigma.com\/it\/corporate\/alfasigma-tra-i-sostenitori-della-nuova-edizione-del-festival-della-scienza-medica\/#breadcrumb","itemListElement":[{"@type":"ListItem","position":1,"name":"Home","item":"https:\/\/ch.alfasigma.com\/it\/"},{"@type":"ListItem","position":2,"name":"Corporate","item":"https:\/\/ch.alfasigma.com\/it\/category\/corporate\/"},{"@type":"ListItem","position":3,"name":"Alfasigma tra i sostenitori della nuova edizione del Festival della Scienza Medica"}]},{"@type":"WebSite","@id":"https:\/\/ch.alfasigma.com\/it\/#website","url":"https:\/\/ch.alfasigma.com\/it\/","name":"Alfasigma Schweiz","description":"Pharmaceuticals with passion","potentialAction":[{"@type":"SearchAction","target":{"@type":"EntryPoint","urlTemplate":"https:\/\/ch.alfasigma.com\/it\/?s={search_term_string}"},"query-input":{"@type":"PropertyValueSpecification","valueRequired":true,"valueName":"search_term_string"}}],"inLanguage":"it-CH"},{"@type":"Person","@id":"https:\/\/ch.alfasigma.com\/it\/#\/schema\/person\/5bd603220a50472960f5d5765affa861","name":"Corporate Communication","image":{"@type":"ImageObject","inLanguage":"it-CH","@id":"https:\/\/secure.gravatar.com\/avatar\/042fcc2107b19c7891dc8dcd8f9d5753ae55897a905b16a42e80fa25bae94303?s=96&d=mm&r=g","url":"https:\/\/secure.gravatar.com\/avatar\/042fcc2107b19c7891dc8dcd8f9d5753ae55897a905b16a42e80fa25bae94303?s=96&d=mm&r=g","contentUrl":"https:\/\/secure.gravatar.com\/avatar\/042fcc2107b19c7891dc8dcd8f9d5753ae55897a905b16a42e80fa25bae94303?s=96&d=mm&r=g","caption":"Corporate Communication"}}]}},"_links":{"self":[{"href":"https:\/\/ch.alfasigma.com\/it\/wp-json\/wp\/v2\/posts\/3879","targetHints":{"allow":["GET"]}}],"collection":[{"href":"https:\/\/ch.alfasigma.com\/it\/wp-json\/wp\/v2\/posts"}],"about":[{"href":"https:\/\/ch.alfasigma.com\/it\/wp-json\/wp\/v2\/types\/post"}],"author":[{"embeddable":true,"href":"https:\/\/ch.alfasigma.com\/it\/wp-json\/wp\/v2\/users\/4"}],"replies":[{"embeddable":true,"href":"https:\/\/ch.alfasigma.com\/it\/wp-json\/wp\/v2\/comments?post=3879"}],"version-history":[{"count":0,"href":"https:\/\/ch.alfasigma.com\/it\/wp-json\/wp\/v2\/posts\/3879\/revisions"}],"wp:featuredmedia":[{"embeddable":true,"href":"https:\/\/ch.alfasigma.com\/it\/wp-json\/wp\/v2\/media\/3880"}],"wp:attachment":[{"href":"https:\/\/ch.alfasigma.com\/it\/wp-json\/wp\/v2\/media?parent=3879"}],"wp:term":[{"taxonomy":"category","embeddable":true,"href":"https:\/\/ch.alfasigma.com\/it\/wp-json\/wp\/v2\/categories?post=3879"},{"taxonomy":"post_tag","embeddable":true,"href":"https:\/\/ch.alfasigma.com\/it\/wp-json\/wp\/v2\/tags?post=3879"}],"curies":[{"name":"wp","href":"https:\/\/api.w.org\/{rel}","templated":true}]}}