{"id":3999,"date":"2021-11-24T16:17:52","date_gmt":"2021-11-24T16:17:52","guid":{"rendered":"https:\/\/ch.alfasigma.com\/?p=3999"},"modified":"2021-11-29T08:13:44","modified_gmt":"2021-11-29T08:13:44","slug":"how-can-we-govern-europe","status":"publish","type":"post","link":"https:\/\/ch.alfasigma.com\/it\/corporate\/how-can-we-govern-europe\/","title":{"rendered":"How Can We Govern Europe?"},"content":{"rendered":"<p>Il 1\u00b0 Dicembre, a Roma nella prestigiosa cornice di Spazio Europa e in collegamento da Bruxelles, torna il principale evento italiano sugli affari europei. Istituzioni italiane ed europee, manager d\u2019azienda ed esperti di settore si confronteranno sui principali temi europei alla luce delle sfide globali che ci aspettano nel prossimo decennio. L\u2019anno scorso ha partecipato Pier Vincenzo Colli come Amministratore Delegato di Alfasigma, mentre per l\u2019edizione 2021 sar\u00e0 <strong>E<\/strong><strong>milio Merlo Pich<\/strong>, Direttore esecutivo Ricerca e sviluppo a partecipare al panel <strong><em>EU4Health ed Hera:<\/em><\/strong> <strong><em>I 27 verso L\u2019Unione europea della Salute?<\/em><\/strong><\/p>\n<p>L\u2019iniziativa, in collaborazione con la\u00a0<strong>Rappresentanza in Italia della Commissione europea<\/strong>, l\u2019<strong>Ufficio di Collegamento in Italia del Parlamento europeo<\/strong> e la <strong>sponsorizzazione non condizionante di Alfasigma,<\/strong> rappresenta un momento di dialogo importante sul futuro dell\u2019Europa.<\/p>\n<h2><strong>NextGenerationEu, il tempo di una nuova Europa<\/strong><\/h2>\n<p>La crisi generata dalla pandemia di Covid-19 e la necessit\u00e0 di una risposta unitaria dell\u2019Unione europea hanno portato al <strong>NextGenEU<\/strong>, un ambizioso piano che, grazie anche all\u2019importante passo in avanti della condivisione del debito per la ripresa, d\u00e0 un considerevole impulso alla costruzione dell\u2019Ue del futuro. Quali sono i contorni che si stanno definendo in ambito economico-finanziario, sociale, ambientale, di governance, della salute e della tutela dei diritti? Quali le difficolt\u00e0?<\/p>\n<p>Sono questi i temi dell\u2019ottava edizione di \u201cHow Can We Govern Europe?\u201d, con un confronto tra alti esponenti delle istituzioni europee e nazionali, rappresentanti del mondo produttivo, di quello accademico e delle organizzazioni sociali, sar\u00e0 utile per comprendere in che direzione sta andando l\u2019Unione europea, capire se sta marciando alla giusta velocit\u00e0, individuare le insidie del percorso ed elaborare idee su come superarle per raggiungere il traguardo di un\u2019Ue in grado di garantire ai propri cittadini, per le prossime decadi, un benessere pi\u00f9 diffuso e sostenibile.<\/p>\n<p>Sono previsti sei panel tematici:<\/p>\n<ul>\n<li><strong>POLITICA<\/strong>\u00a0\u2013 L\u2019Ue del futuro: una marcia compatta o un percorso a diverse velocit\u00e0?<\/li>\n<li><strong>FINANCE<\/strong>\u00a0\u2013 Gli investimenti per disegnare la nuova Unione europea: quali ricadute sull\u2019euro, sul mercato finanziario interno e sul ruolo internazionale dell\u2019Ue?<\/li>\n<li><strong>GOVERNANCE<\/strong>\u00a0\u2013 Il ruolo globale dell\u2019Ue davanti alle nuove sfide<\/li>\n<li><strong>GREEN ECONOMY<\/strong>\u00a0\u2013 Transizione verde, le misure e le proposte dell\u2019Ue sono un reale passo avanti verso la neutralit\u00e0 climatica?<\/li>\n<li><strong>HEALTH<\/strong>\u00a0\u2013 EU4Health ed Hera: I 27 verso L\u2019Unione europea della Salute?<\/li>\n<li><strong>DIGITAL<\/strong>\u00a0\u2013 L\u2019Ue nell\u2019era digitale: come annullare i divari tra Stati membri e migliorare la competitivit\u00e0 a livello globale?<\/li>\n<\/ul>\n<p>L\u2019evento \u00e8 in presenza e sar\u00e0 tramesso in streaming su Zoom.<\/p>\n<ul>\n<li>Partecipa\u00a0<strong>in presenza<\/strong>:\u00a0<a href=\"https:\/\/bit.ly\/HGE8-live\">https:\/\/bit.ly\/HGE8-live<\/a><\/li>\n<li>Partecipa\u00a0<strong>on-line<\/strong>:\u00a0<a href=\"https:\/\/bit.ly\/HGE8-zoom\">https:\/\/bit.ly\/HGE8-zoom<\/a><\/li>\n<\/ul>\n<h2><strong>EU4Health ed Hera: I 27 verso L'Unione europea della Salute? <\/strong><\/h2>\n<p>La salute non rientra tra le competenze esclusive dell\u2019Unione europea. A quest\u2019ultima \u00e8 affidato, in concorrenza con gli Stati membri, il solo aspetto della sicurezza, mentre per le altre funzioni ha ruolo di sostegno e coordinamento. Tuttavia, il lancio del <strong>programma EU4Health, con lo stanziamento di 5,6 miliardi di euro, e la creazione dell\u2019Hera<\/strong>, agenzia che dal 2022 si occuper\u00e0 della preparazione e delle risposte alle emergenze sanitarie, con una dotazione di 6 miliardi di euro fino al 2027, sembrano per\u00f2 indicare che anche su questo terreno sia possibile realizzare progressi verso una pi\u00f9 compiuta integrazione. L\u2019Ue \u00e8 pronta a una gestione pi\u00f9 condivisa della sanit\u00e0? Come superare le resistenze dei Paesi membri? Oltre alla sicurezza e alla gestione delle emergenze, in quali altri ambiti legati alla salute pu\u00f2 rafforzarsi la cooperazione tra i Paesi membri? Una maggiore integrazione in ambito farmaceutico pu\u00f2 affrancare l\u2019Unione dalla dipendenza dall\u2019estero per l\u2019approvvigionamento di farmaci e materie prime?<\/p>\n<p>Ne Discutono:<\/p>\n<ul>\n<li><strong>Cristian-Silviu Bu\u015foi,<\/strong> Eurodeputato, Presidente Commissione ITRE e Relatore sul Regolamento per l\u2019istituzione di EU4Health<\/li>\n<li><strong> Robb Butler,<\/strong> OMS, Direttore esecutivo dell\u2019Ufficio regionale per l\u2019Europa<\/li>\n<li><strong>Andrea Costa,<\/strong> Sottosegretario alla Salute<\/li>\n<li><strong> Sandra Gallina<\/strong>, Commissione UE, Direttrice generale DG SANTE<\/li>\n<li><strong>Emilio Merlo Pich,<\/strong> Alfasigma, Direttore esecutivo Ricerca e sviluppo<\/li>\n<li><strong> Annamaria Parente<\/strong>, Senatrice, Presidente Commissione Igiene e Sanit\u00e0.<\/li>\n<\/ul>\n<p>Con il Keynote Speech di <strong>Stella Kyriakydes,<\/strong> Commissaria europea per la Salute e la Sicurezza alimentare.<\/p>\n<p>E la moderazione di <strong>Tiziana Di Simone,<\/strong> Giornalista di Rai Radoi1, Conduttrice di Caff\u00e8 Europa.<\/p>\n<p>&nbsp;<\/p>\n<p>Scarica il programma completo in PDF al link:<\/p>\n<p><a href=\"https:\/\/bit.ly\/HGE8-Programma\">https:\/\/bit.ly\/HGE8-Programma<\/a><\/p>\n<p>&nbsp;<\/p>\n","protected":false},"excerpt":{"rendered":"<p>Emilio Merlo Pich partecipa a uno dei pi\u00f9 importanti eventi italiani sugli affari europei intervenendo al panel \u201cEU4Health ed Hera: I 27 verso l\u2019Unione europea della Salute?\u201d <\/p>\n","protected":false},"author":4,"featured_media":4001,"comment_status":"closed","ping_status":"closed","sticky":false,"template":"","format":"standard","meta":{"_acf_changed":false,"footnotes":""},"categories":[5],"tags":[90,88,89,87],"class_list":["post-3999","post","type-post","status-publish","format-standard","has-post-thumbnail","hentry","category-corporate","tag-emilio-merlo-pich","tag-eu4health","tag-hera","tag-nextgenerationeu"],"acf":[],"yoast_head":"<!-- This site is optimized with the Yoast SEO plugin v27.3 - https:\/\/yoast.com\/product\/yoast-seo-wordpress\/ -->\n<title>Alfasigma Schweiz - How Can We Govern Europe?<\/title>\n<meta name=\"description\" content=\"Emilio Merlo Pich partecipa a uno dei pi\u00f9 importanti eventi italiani sugli affari europei intervenendo al panel \u201cEU4Health ed Hera: I 27 verso l\u2019Unione europea della Salute?\u201d\" \/>\n<meta name=\"robots\" content=\"index,follow\" \/>\n<link rel=\"canonical\" href=\"https:\/\/ch.alfasigma.com\/it\/corporate\/how-can-we-govern-europe\/\" \/>\n<meta property=\"og:locale\" content=\"it_IT\" \/>\n<meta property=\"og:type\" content=\"article\" \/>\n<meta property=\"og:title\" content=\"Alfasigma Schweiz - How Can We Govern Europe?\" \/>\n<meta property=\"og:description\" content=\"Emilio Merlo Pich partecipa a uno dei pi\u00f9 importanti eventi italiani sugli affari europei intervenendo al panel \u201cEU4Health ed Hera: I 27 verso l\u2019Unione europea della Salute?\u201d\" \/>\n<meta property=\"og:url\" content=\"https:\/\/ch.alfasigma.com\/it\/corporate\/how-can-we-govern-europe\/\" \/>\n<meta property=\"og:site_name\" content=\"Alfasigma Schweiz\" \/>\n<meta property=\"article:published_time\" content=\"2021-11-24T16:17:52+00:00\" \/>\n<meta property=\"article:modified_time\" content=\"2021-11-29T08:13:44+00:00\" \/>\n<meta property=\"og:image\" content=\"https:\/\/ch.alfasigma.com\/wp-content\/uploads\/2021\/11\/How-can-we-govern-Europe.png\" \/>\n\t<meta property=\"og:image:width\" content=\"2048\" \/>\n\t<meta property=\"og:image:height\" content=\"1024\" \/>\n\t<meta property=\"og:image:type\" content=\"image\/png\" \/>\n<meta name=\"author\" content=\"Corporate Communication\" \/>\n<meta name=\"twitter:card\" content=\"summary_large_image\" \/>\n<meta name=\"twitter:label1\" content=\"Written by\" \/>\n\t<meta name=\"twitter:data1\" content=\"Corporate Communication\" \/>\n\t<meta name=\"twitter:label2\" content=\"Est. reading time\" \/>\n\t<meta name=\"twitter:data2\" content=\"3 minutes\" \/>\n<script type=\"application\/ld+json\" class=\"yoast-schema-graph\">{\"@context\":\"https:\\\/\\\/schema.org\",\"@graph\":[{\"@type\":\"Article\",\"@id\":\"https:\\\/\\\/ch.alfasigma.com\\\/it\\\/corporate\\\/how-can-we-govern-europe\\\/#article\",\"isPartOf\":{\"@id\":\"https:\\\/\\\/ch.alfasigma.com\\\/it\\\/corporate\\\/how-can-we-govern-europe\\\/\"},\"author\":{\"name\":\"Corporate Communication\",\"@id\":\"https:\\\/\\\/ch.alfasigma.com\\\/it\\\/#\\\/schema\\\/person\\\/5bd603220a50472960f5d5765affa861\"},\"headline\":\"How Can We Govern Europe?\",\"datePublished\":\"2021-11-24T16:17:52+00:00\",\"dateModified\":\"2021-11-29T08:13:44+00:00\",\"mainEntityOfPage\":{\"@id\":\"https:\\\/\\\/ch.alfasigma.com\\\/it\\\/corporate\\\/how-can-we-govern-europe\\\/\"},\"wordCount\":710,\"image\":{\"@id\":\"https:\\\/\\\/ch.alfasigma.com\\\/it\\\/corporate\\\/how-can-we-govern-europe\\\/#primaryimage\"},\"thumbnailUrl\":\"https:\\\/\\\/ch.alfasigma.com\\\/wp-content\\\/uploads\\\/2021\\\/11\\\/How-can-we-govern-Europe.png\",\"keywords\":[\"Emilio Merlo Pich\",\"EU4Health\",\"Hera\",\"NextGenerationEu\"],\"articleSection\":[\"Corporate\"],\"inLanguage\":\"it-CH\"},{\"@type\":\"WebPage\",\"@id\":\"https:\\\/\\\/ch.alfasigma.com\\\/it\\\/corporate\\\/how-can-we-govern-europe\\\/\",\"url\":\"https:\\\/\\\/ch.alfasigma.com\\\/it\\\/corporate\\\/how-can-we-govern-europe\\\/\",\"name\":\"Alfasigma Schweiz - How Can We Govern Europe?\",\"isPartOf\":{\"@id\":\"https:\\\/\\\/ch.alfasigma.com\\\/it\\\/#website\"},\"primaryImageOfPage\":{\"@id\":\"https:\\\/\\\/ch.alfasigma.com\\\/it\\\/corporate\\\/how-can-we-govern-europe\\\/#primaryimage\"},\"image\":{\"@id\":\"https:\\\/\\\/ch.alfasigma.com\\\/it\\\/corporate\\\/how-can-we-govern-europe\\\/#primaryimage\"},\"thumbnailUrl\":\"https:\\\/\\\/ch.alfasigma.com\\\/wp-content\\\/uploads\\\/2021\\\/11\\\/How-can-we-govern-Europe.png\",\"datePublished\":\"2021-11-24T16:17:52+00:00\",\"dateModified\":\"2021-11-29T08:13:44+00:00\",\"author\":{\"@id\":\"https:\\\/\\\/ch.alfasigma.com\\\/it\\\/#\\\/schema\\\/person\\\/5bd603220a50472960f5d5765affa861\"},\"description\":\"Emilio Merlo Pich partecipa a uno dei pi\u00f9 importanti eventi italiani sugli affari europei intervenendo al panel \u201cEU4Health ed Hera: I 27 verso l\u2019Unione europea della Salute?\u201d\",\"breadcrumb\":{\"@id\":\"https:\\\/\\\/ch.alfasigma.com\\\/it\\\/corporate\\\/how-can-we-govern-europe\\\/#breadcrumb\"},\"inLanguage\":\"it-CH\",\"potentialAction\":[{\"@type\":\"ReadAction\",\"target\":[\"https:\\\/\\\/ch.alfasigma.com\\\/it\\\/corporate\\\/how-can-we-govern-europe\\\/\"]}]},{\"@type\":\"ImageObject\",\"inLanguage\":\"it-CH\",\"@id\":\"https:\\\/\\\/ch.alfasigma.com\\\/it\\\/corporate\\\/how-can-we-govern-europe\\\/#primaryimage\",\"url\":\"https:\\\/\\\/ch.alfasigma.com\\\/wp-content\\\/uploads\\\/2021\\\/11\\\/How-can-we-govern-Europe.png\",\"contentUrl\":\"https:\\\/\\\/ch.alfasigma.com\\\/wp-content\\\/uploads\\\/2021\\\/11\\\/How-can-we-govern-Europe.png\",\"width\":2048,\"height\":1024},{\"@type\":\"BreadcrumbList\",\"@id\":\"https:\\\/\\\/ch.alfasigma.com\\\/it\\\/corporate\\\/how-can-we-govern-europe\\\/#breadcrumb\",\"itemListElement\":[{\"@type\":\"ListItem\",\"position\":1,\"name\":\"Home\",\"item\":\"https:\\\/\\\/ch.alfasigma.com\\\/it\\\/\"},{\"@type\":\"ListItem\",\"position\":2,\"name\":\"Corporate\",\"item\":\"https:\\\/\\\/ch.alfasigma.com\\\/it\\\/category\\\/corporate\\\/\"},{\"@type\":\"ListItem\",\"position\":3,\"name\":\"How Can We Govern Europe?\"}]},{\"@type\":\"WebSite\",\"@id\":\"https:\\\/\\\/ch.alfasigma.com\\\/it\\\/#website\",\"url\":\"https:\\\/\\\/ch.alfasigma.com\\\/it\\\/\",\"name\":\"Alfasigma Schweiz\",\"description\":\"Pharmaceuticals with passion\",\"potentialAction\":[{\"@type\":\"SearchAction\",\"target\":{\"@type\":\"EntryPoint\",\"urlTemplate\":\"https:\\\/\\\/ch.alfasigma.com\\\/it\\\/?s={search_term_string}\"},\"query-input\":{\"@type\":\"PropertyValueSpecification\",\"valueRequired\":true,\"valueName\":\"search_term_string\"}}],\"inLanguage\":\"it-CH\"},{\"@type\":\"Person\",\"@id\":\"https:\\\/\\\/ch.alfasigma.com\\\/it\\\/#\\\/schema\\\/person\\\/5bd603220a50472960f5d5765affa861\",\"name\":\"Corporate Communication\",\"image\":{\"@type\":\"ImageObject\",\"inLanguage\":\"it-CH\",\"@id\":\"https:\\\/\\\/secure.gravatar.com\\\/avatar\\\/042fcc2107b19c7891dc8dcd8f9d5753ae55897a905b16a42e80fa25bae94303?s=96&d=mm&r=g\",\"url\":\"https:\\\/\\\/secure.gravatar.com\\\/avatar\\\/042fcc2107b19c7891dc8dcd8f9d5753ae55897a905b16a42e80fa25bae94303?s=96&d=mm&r=g\",\"contentUrl\":\"https:\\\/\\\/secure.gravatar.com\\\/avatar\\\/042fcc2107b19c7891dc8dcd8f9d5753ae55897a905b16a42e80fa25bae94303?s=96&d=mm&r=g\",\"caption\":\"Corporate Communication\"}}]}<\/script>\n<!-- \/ Yoast SEO plugin. -->","yoast_head_json":{"title":"Alfasigma Schweiz - How Can We Govern Europe?","description":"Emilio Merlo Pich partecipa a uno dei pi\u00f9 importanti eventi italiani sugli affari europei intervenendo al panel \u201cEU4Health ed Hera: I 27 verso l\u2019Unione europea della Salute?\u201d","robots":{"index,follow":"index,follow"},"canonical":"https:\/\/ch.alfasigma.com\/it\/corporate\/how-can-we-govern-europe\/","og_locale":"it_IT","og_type":"article","og_title":"Alfasigma Schweiz - How Can We Govern Europe?","og_description":"Emilio Merlo Pich partecipa a uno dei pi\u00f9 importanti eventi italiani sugli affari europei intervenendo al panel \u201cEU4Health ed Hera: I 27 verso l\u2019Unione europea della Salute?\u201d","og_url":"https:\/\/ch.alfasigma.com\/it\/corporate\/how-can-we-govern-europe\/","og_site_name":"Alfasigma Schweiz","article_published_time":"2021-11-24T16:17:52+00:00","article_modified_time":"2021-11-29T08:13:44+00:00","og_image":[{"width":2048,"height":1024,"url":"https:\/\/ch.alfasigma.com\/wp-content\/uploads\/2021\/11\/How-can-we-govern-Europe.png","type":"image\/png"}],"author":"Corporate Communication","twitter_card":"summary_large_image","twitter_misc":{"Written by":"Corporate Communication","Est. reading time":"3 minutes"},"schema":{"@context":"https:\/\/schema.org","@graph":[{"@type":"Article","@id":"https:\/\/ch.alfasigma.com\/it\/corporate\/how-can-we-govern-europe\/#article","isPartOf":{"@id":"https:\/\/ch.alfasigma.com\/it\/corporate\/how-can-we-govern-europe\/"},"author":{"name":"Corporate Communication","@id":"https:\/\/ch.alfasigma.com\/it\/#\/schema\/person\/5bd603220a50472960f5d5765affa861"},"headline":"How Can We Govern Europe?","datePublished":"2021-11-24T16:17:52+00:00","dateModified":"2021-11-29T08:13:44+00:00","mainEntityOfPage":{"@id":"https:\/\/ch.alfasigma.com\/it\/corporate\/how-can-we-govern-europe\/"},"wordCount":710,"image":{"@id":"https:\/\/ch.alfasigma.com\/it\/corporate\/how-can-we-govern-europe\/#primaryimage"},"thumbnailUrl":"https:\/\/ch.alfasigma.com\/wp-content\/uploads\/2021\/11\/How-can-we-govern-Europe.png","keywords":["Emilio Merlo Pich","EU4Health","Hera","NextGenerationEu"],"articleSection":["Corporate"],"inLanguage":"it-CH"},{"@type":"WebPage","@id":"https:\/\/ch.alfasigma.com\/it\/corporate\/how-can-we-govern-europe\/","url":"https:\/\/ch.alfasigma.com\/it\/corporate\/how-can-we-govern-europe\/","name":"Alfasigma Schweiz - How Can We Govern Europe?","isPartOf":{"@id":"https:\/\/ch.alfasigma.com\/it\/#website"},"primaryImageOfPage":{"@id":"https:\/\/ch.alfasigma.com\/it\/corporate\/how-can-we-govern-europe\/#primaryimage"},"image":{"@id":"https:\/\/ch.alfasigma.com\/it\/corporate\/how-can-we-govern-europe\/#primaryimage"},"thumbnailUrl":"https:\/\/ch.alfasigma.com\/wp-content\/uploads\/2021\/11\/How-can-we-govern-Europe.png","datePublished":"2021-11-24T16:17:52+00:00","dateModified":"2021-11-29T08:13:44+00:00","author":{"@id":"https:\/\/ch.alfasigma.com\/it\/#\/schema\/person\/5bd603220a50472960f5d5765affa861"},"description":"Emilio Merlo Pich partecipa a uno dei pi\u00f9 importanti eventi italiani sugli affari europei intervenendo al panel \u201cEU4Health ed Hera: I 27 verso l\u2019Unione europea della Salute?\u201d","breadcrumb":{"@id":"https:\/\/ch.alfasigma.com\/it\/corporate\/how-can-we-govern-europe\/#breadcrumb"},"inLanguage":"it-CH","potentialAction":[{"@type":"ReadAction","target":["https:\/\/ch.alfasigma.com\/it\/corporate\/how-can-we-govern-europe\/"]}]},{"@type":"ImageObject","inLanguage":"it-CH","@id":"https:\/\/ch.alfasigma.com\/it\/corporate\/how-can-we-govern-europe\/#primaryimage","url":"https:\/\/ch.alfasigma.com\/wp-content\/uploads\/2021\/11\/How-can-we-govern-Europe.png","contentUrl":"https:\/\/ch.alfasigma.com\/wp-content\/uploads\/2021\/11\/How-can-we-govern-Europe.png","width":2048,"height":1024},{"@type":"BreadcrumbList","@id":"https:\/\/ch.alfasigma.com\/it\/corporate\/how-can-we-govern-europe\/#breadcrumb","itemListElement":[{"@type":"ListItem","position":1,"name":"Home","item":"https:\/\/ch.alfasigma.com\/it\/"},{"@type":"ListItem","position":2,"name":"Corporate","item":"https:\/\/ch.alfasigma.com\/it\/category\/corporate\/"},{"@type":"ListItem","position":3,"name":"How Can We Govern Europe?"}]},{"@type":"WebSite","@id":"https:\/\/ch.alfasigma.com\/it\/#website","url":"https:\/\/ch.alfasigma.com\/it\/","name":"Alfasigma Schweiz","description":"Pharmaceuticals with passion","potentialAction":[{"@type":"SearchAction","target":{"@type":"EntryPoint","urlTemplate":"https:\/\/ch.alfasigma.com\/it\/?s={search_term_string}"},"query-input":{"@type":"PropertyValueSpecification","valueRequired":true,"valueName":"search_term_string"}}],"inLanguage":"it-CH"},{"@type":"Person","@id":"https:\/\/ch.alfasigma.com\/it\/#\/schema\/person\/5bd603220a50472960f5d5765affa861","name":"Corporate Communication","image":{"@type":"ImageObject","inLanguage":"it-CH","@id":"https:\/\/secure.gravatar.com\/avatar\/042fcc2107b19c7891dc8dcd8f9d5753ae55897a905b16a42e80fa25bae94303?s=96&d=mm&r=g","url":"https:\/\/secure.gravatar.com\/avatar\/042fcc2107b19c7891dc8dcd8f9d5753ae55897a905b16a42e80fa25bae94303?s=96&d=mm&r=g","contentUrl":"https:\/\/secure.gravatar.com\/avatar\/042fcc2107b19c7891dc8dcd8f9d5753ae55897a905b16a42e80fa25bae94303?s=96&d=mm&r=g","caption":"Corporate Communication"}}]}},"_links":{"self":[{"href":"https:\/\/ch.alfasigma.com\/it\/wp-json\/wp\/v2\/posts\/3999","targetHints":{"allow":["GET"]}}],"collection":[{"href":"https:\/\/ch.alfasigma.com\/it\/wp-json\/wp\/v2\/posts"}],"about":[{"href":"https:\/\/ch.alfasigma.com\/it\/wp-json\/wp\/v2\/types\/post"}],"author":[{"embeddable":true,"href":"https:\/\/ch.alfasigma.com\/it\/wp-json\/wp\/v2\/users\/4"}],"replies":[{"embeddable":true,"href":"https:\/\/ch.alfasigma.com\/it\/wp-json\/wp\/v2\/comments?post=3999"}],"version-history":[{"count":0,"href":"https:\/\/ch.alfasigma.com\/it\/wp-json\/wp\/v2\/posts\/3999\/revisions"}],"wp:featuredmedia":[{"embeddable":true,"href":"https:\/\/ch.alfasigma.com\/it\/wp-json\/wp\/v2\/media\/4001"}],"wp:attachment":[{"href":"https:\/\/ch.alfasigma.com\/it\/wp-json\/wp\/v2\/media?parent=3999"}],"wp:term":[{"taxonomy":"category","embeddable":true,"href":"https:\/\/ch.alfasigma.com\/it\/wp-json\/wp\/v2\/categories?post=3999"},{"taxonomy":"post_tag","embeddable":true,"href":"https:\/\/ch.alfasigma.com\/it\/wp-json\/wp\/v2\/tags?post=3999"}],"curies":[{"name":"wp","href":"https:\/\/api.w.org\/{rel}","templated":true}]}}