{"id":95,"date":"2020-04-01T08:32:50","date_gmt":"2020-04-01T08:32:50","guid":{"rendered":"https:\/\/ch.alfasigma.com\/?p=95"},"modified":"2020-09-13T15:23:53","modified_gmt":"2020-09-13T15:23:53","slug":"dalla-genetica-la-sfida-al-covid19","status":"publish","type":"post","link":"https:\/\/ch.alfasigma.com\/it\/ricerca\/dalla-genetica-la-sfida-al-covid19\/","title":{"rendered":"Dalla genetica la sfida al COVID19"},"content":{"rendered":"<p>Una massiccia aggregazione di\u00a0<b>29 soggetti<\/b>\u00a0<b>tra accademie\u00a0<\/b>(Universit\u00e0 Padova, Brescia, Torino, Trieste, Essex, Essen, Madrid, Monaco, Maastricht, Isfahan),\u00a0<b>Istituzioni<\/b>\u00a0(Istituto Nazionale Malattie Infettive-Spallanzani, Istituto Superiore di Sanit\u00e0, INSERM Brest, SINH Shanghai), Fondazioni (Aviralia, Lorenzini)\u00a0<b>aziende<\/b>\u00a0(ThermoFisher, BBraun, ABBVIE,\u00a0<b>Alfasigma<\/b>, DaVinciDigital therapeutics, Novartis) ,SMEs (Bioscience Genomics, Personal Genomics, Diatheva, TOMA-Impact Lab Group, GenDx, PharmGenetics GmbH),\u00a0<b>\u00e8 al lavoro per cercare di rispondere, in tempi brevi, agli interrogativi sul virus SARS-CoV-2<\/b>, responsabile oggi \u00a0di oltre 40 mila morti in 192 Paesi.<\/p>\n<p><b>Con una regia tutta italiana<\/b>\u00a0\u2013 il\u00a0<b>coordinatore<\/b>\u00a0del consorzio che vede coinvolti numerosi Paesi europei e partner iraniani e cinesi \u00e8\u00a0<b>Giuseppe Novelli<\/b>, genetista dell\u2019Ateneo romano di \u201cTor Vergata\u201d \u2013 il progetto GEFACOVID, candidatosi recentemente presso la UE per l\u2019assegnazione dei fondi stanziati per il contrasto all\u2019attuale pandemia, cercher\u00e0 di rispondere a numerosi interrogativi che il SARS-CoV-2 ha generato.<\/p>\n<p>Come si comporta il virus? Quali fattori genetici (l\u2019acronimo GEFA deriva appunto da GEnetic FActors) influenzano la risposta immunitaria dei malati? Con pi\u00f9 conoscenza, pi\u00f9 informazioni, pi\u00f9 evidenze scientifiche, la sfida alla pandemia globale potrebbe essere affrontata con armi meno spuntate, e si potrebbe arrivare a nuove soluzioni diagnostiche e terapeutiche, anche personalizzate, capaci di fronteggiare un nemico di cui ancora si sa troppo poco.<\/p>\n<p><b>Il progetto GEFACOVID<\/b>\u00a0intende esaminare in dettaglio i polimorfismi genetici e i meccanismi patogenetici del virus, nonch\u00e9 i dati genetici, genomici, metabolomici, epidemiologici e clinici al fine di identificare i biomarcatori che conferiscono ai soggetti una particolare suscettibilit\u00e0 all\u2019infezione, aumentando il rischio di complicazioni potenzialmente letali.\u00a0<i>\u201cQueste informazioni<\/i>\u00a0\u2013\u00a0<b>spiega Giuseppe Novelli\u00a0<\/b>\u2013<i>\u00a0saranno sviluppate a un livello che potrebbe essere sfruttato per lo sviluppo di terapie e diagnosi da utilizzare sia in laboratorio che sul campo, con l'obiettivo finale di prevenire ulteriori perdite umane. Lavorando a stretto contatto con partner aziendali e clinici, perseguiremo soluzioni rapide e clinicamente attuabili, che faciliteranno nuovi approcci preventivi e interventi medici dinamici\u201d.\u00a0<\/i><\/p>\n<p>Un altro grande impatto sulla salute pubblica previsto da\u00a0<b>GEFACOVID<\/b>\u00a0includer\u00e0 lo sviluppo di un \u201chub\u201d di innovazione: una sinergia altamente specializzata fra le principali istituzioni accademiche, in grado di svilupparsi in una rete virtuale per la ricerca scientifica avanzata e strategie di controllo per futuri focolai.<\/p>\n","protected":false},"excerpt":{"rendered":"<p>Parte dall\u2019Italia, con partner europei, cinesi e iraniani, il tentativo di risposta ai numerosi interrogativi generati dal virus SARS-CoV-2: uno studio genetico alla base di nuove soluzioni diagnostiche e terapeutiche.<\/p>\n","protected":false},"author":2,"featured_media":1749,"comment_status":"closed","ping_status":"closed","sticky":false,"template":"","format":"standard","meta":{"_acf_changed":false,"footnotes":""},"categories":[8],"tags":[],"class_list":["post-95","post","type-post","status-publish","format-standard","has-post-thumbnail","hentry","category-ricerca"],"acf":[],"yoast_head":"<!-- This site is optimized with the Yoast SEO plugin v27.3 - https:\/\/yoast.com\/product\/yoast-seo-wordpress\/ -->\n<title>Alfasigma Global - Alfasigma joins the global fight against COVID-19<\/title>\n<meta name=\"description\" content=\"Parte dall\u2019Italia, con partner europei, cinesi e iraniani, uno studio genetico per dare risposta agli interrogativi generati da SARS-CoV-2.\" \/>\n<meta name=\"robots\" content=\"index,follow\" \/>\n<link rel=\"canonical\" href=\"https:\/\/ch.alfasigma.com\/it\/ricerca\/dalla-genetica-la-sfida-al-covid19\/\" \/>\n<meta property=\"og:locale\" content=\"it_IT\" \/>\n<meta property=\"og:type\" content=\"article\" \/>\n<meta property=\"og:title\" content=\"Alfasigma Global - Alfasigma joins the global fight against COVID-19\" \/>\n<meta property=\"og:description\" content=\"Parte dall\u2019Italia, con partner europei, cinesi e iraniani, uno studio genetico per dare risposta agli interrogativi generati da SARS-CoV-2.\" \/>\n<meta property=\"og:url\" content=\"https:\/\/ch.alfasigma.com\/it\/ricerca\/dalla-genetica-la-sfida-al-covid19\/\" \/>\n<meta property=\"og:site_name\" content=\"Alfasigma Schweiz\" \/>\n<meta property=\"article:published_time\" content=\"2020-04-01T08:32:50+00:00\" \/>\n<meta property=\"article:modified_time\" content=\"2020-09-13T15:23:53+00:00\" \/>\n<meta property=\"og:image\" content=\"https:\/\/ch.alfasigma.com\/wp-content\/uploads\/2020\/04\/Ricerca-Alfasigma.jpg\" \/>\n\t<meta property=\"og:image:width\" content=\"1920\" \/>\n\t<meta property=\"og:image:height\" content=\"1090\" \/>\n\t<meta property=\"og:image:type\" content=\"image\/jpeg\" \/>\n<meta name=\"author\" content=\"Simona Grandini\" \/>\n<meta name=\"twitter:card\" content=\"summary_large_image\" \/>\n<meta name=\"twitter:label1\" content=\"Written by\" \/>\n\t<meta name=\"twitter:data1\" content=\"Simona Grandini\" \/>\n\t<meta name=\"twitter:label2\" content=\"Est. reading time\" \/>\n\t<meta name=\"twitter:data2\" content=\"2 minutes\" \/>\n<script type=\"application\/ld+json\" class=\"yoast-schema-graph\">{\"@context\":\"https:\\\/\\\/schema.org\",\"@graph\":[{\"@type\":\"Article\",\"@id\":\"https:\\\/\\\/ch.alfasigma.com\\\/it\\\/ricerca\\\/dalla-genetica-la-sfida-al-covid19\\\/#article\",\"isPartOf\":{\"@id\":\"https:\\\/\\\/ch.alfasigma.com\\\/it\\\/ricerca\\\/dalla-genetica-la-sfida-al-covid19\\\/\"},\"author\":{\"name\":\"Simona Grandini\",\"@id\":\"https:\\\/\\\/ch.alfasigma.com\\\/it\\\/#\\\/schema\\\/person\\\/3ca962bc30660e68db9a18b3a95f8124\"},\"headline\":\"Dalla genetica la sfida al COVID19\",\"datePublished\":\"2020-04-01T08:32:50+00:00\",\"dateModified\":\"2020-09-13T15:23:53+00:00\",\"mainEntityOfPage\":{\"@id\":\"https:\\\/\\\/ch.alfasigma.com\\\/it\\\/ricerca\\\/dalla-genetica-la-sfida-al-covid19\\\/\"},\"wordCount\":364,\"image\":{\"@id\":\"https:\\\/\\\/ch.alfasigma.com\\\/it\\\/ricerca\\\/dalla-genetica-la-sfida-al-covid19\\\/#primaryimage\"},\"thumbnailUrl\":\"https:\\\/\\\/ch.alfasigma.com\\\/wp-content\\\/uploads\\\/2020\\\/04\\\/Ricerca-Alfasigma.jpg\",\"articleSection\":[\"Ricerca\"],\"inLanguage\":\"it-CH\"},{\"@type\":\"WebPage\",\"@id\":\"https:\\\/\\\/ch.alfasigma.com\\\/it\\\/ricerca\\\/dalla-genetica-la-sfida-al-covid19\\\/\",\"url\":\"https:\\\/\\\/ch.alfasigma.com\\\/it\\\/ricerca\\\/dalla-genetica-la-sfida-al-covid19\\\/\",\"name\":\"Alfasigma Global - Alfasigma joins the global fight against COVID-19\",\"isPartOf\":{\"@id\":\"https:\\\/\\\/ch.alfasigma.com\\\/it\\\/#website\"},\"primaryImageOfPage\":{\"@id\":\"https:\\\/\\\/ch.alfasigma.com\\\/it\\\/ricerca\\\/dalla-genetica-la-sfida-al-covid19\\\/#primaryimage\"},\"image\":{\"@id\":\"https:\\\/\\\/ch.alfasigma.com\\\/it\\\/ricerca\\\/dalla-genetica-la-sfida-al-covid19\\\/#primaryimage\"},\"thumbnailUrl\":\"https:\\\/\\\/ch.alfasigma.com\\\/wp-content\\\/uploads\\\/2020\\\/04\\\/Ricerca-Alfasigma.jpg\",\"datePublished\":\"2020-04-01T08:32:50+00:00\",\"dateModified\":\"2020-09-13T15:23:53+00:00\",\"author\":{\"@id\":\"https:\\\/\\\/ch.alfasigma.com\\\/it\\\/#\\\/schema\\\/person\\\/3ca962bc30660e68db9a18b3a95f8124\"},\"description\":\"Parte dall\u2019Italia, con partner europei, cinesi e iraniani, uno studio genetico per dare risposta agli interrogativi generati da SARS-CoV-2.\",\"breadcrumb\":{\"@id\":\"https:\\\/\\\/ch.alfasigma.com\\\/it\\\/ricerca\\\/dalla-genetica-la-sfida-al-covid19\\\/#breadcrumb\"},\"inLanguage\":\"it-CH\",\"potentialAction\":[{\"@type\":\"ReadAction\",\"target\":[\"https:\\\/\\\/ch.alfasigma.com\\\/it\\\/ricerca\\\/dalla-genetica-la-sfida-al-covid19\\\/\"]}]},{\"@type\":\"ImageObject\",\"inLanguage\":\"it-CH\",\"@id\":\"https:\\\/\\\/ch.alfasigma.com\\\/it\\\/ricerca\\\/dalla-genetica-la-sfida-al-covid19\\\/#primaryimage\",\"url\":\"https:\\\/\\\/ch.alfasigma.com\\\/wp-content\\\/uploads\\\/2020\\\/04\\\/Ricerca-Alfasigma.jpg\",\"contentUrl\":\"https:\\\/\\\/ch.alfasigma.com\\\/wp-content\\\/uploads\\\/2020\\\/04\\\/Ricerca-Alfasigma.jpg\",\"width\":1920,\"height\":1090},{\"@type\":\"BreadcrumbList\",\"@id\":\"https:\\\/\\\/ch.alfasigma.com\\\/it\\\/ricerca\\\/dalla-genetica-la-sfida-al-covid19\\\/#breadcrumb\",\"itemListElement\":[{\"@type\":\"ListItem\",\"position\":1,\"name\":\"Home\",\"item\":\"https:\\\/\\\/ch.alfasigma.com\\\/it\\\/\"},{\"@type\":\"ListItem\",\"position\":2,\"name\":\"Ricerca\",\"item\":\"https:\\\/\\\/ch.alfasigma.com\\\/it\\\/category\\\/ricerca\\\/\"},{\"@type\":\"ListItem\",\"position\":3,\"name\":\"Dalla genetica la sfida al COVID19\"}]},{\"@type\":\"WebSite\",\"@id\":\"https:\\\/\\\/ch.alfasigma.com\\\/it\\\/#website\",\"url\":\"https:\\\/\\\/ch.alfasigma.com\\\/it\\\/\",\"name\":\"Alfasigma Schweiz\",\"description\":\"Pharmaceuticals with passion\",\"potentialAction\":[{\"@type\":\"SearchAction\",\"target\":{\"@type\":\"EntryPoint\",\"urlTemplate\":\"https:\\\/\\\/ch.alfasigma.com\\\/it\\\/?s={search_term_string}\"},\"query-input\":{\"@type\":\"PropertyValueSpecification\",\"valueRequired\":true,\"valueName\":\"search_term_string\"}}],\"inLanguage\":\"it-CH\"},{\"@type\":\"Person\",\"@id\":\"https:\\\/\\\/ch.alfasigma.com\\\/it\\\/#\\\/schema\\\/person\\\/3ca962bc30660e68db9a18b3a95f8124\",\"name\":\"Simona Grandini\",\"image\":{\"@type\":\"ImageObject\",\"inLanguage\":\"it-CH\",\"@id\":\"https:\\\/\\\/secure.gravatar.com\\\/avatar\\\/70300a5f4559e8d6949d452959f2e78523437d7ffa7111d8b158546aa4b24306?s=96&d=mm&r=g\",\"url\":\"https:\\\/\\\/secure.gravatar.com\\\/avatar\\\/70300a5f4559e8d6949d452959f2e78523437d7ffa7111d8b158546aa4b24306?s=96&d=mm&r=g\",\"contentUrl\":\"https:\\\/\\\/secure.gravatar.com\\\/avatar\\\/70300a5f4559e8d6949d452959f2e78523437d7ffa7111d8b158546aa4b24306?s=96&d=mm&r=g\",\"caption\":\"Simona Grandini\"}}]}<\/script>\n<!-- \/ Yoast SEO plugin. -->","yoast_head_json":{"title":"Alfasigma Global - Alfasigma joins the global fight against COVID-19","description":"Parte dall\u2019Italia, con partner europei, cinesi e iraniani, uno studio genetico per dare risposta agli interrogativi generati da SARS-CoV-2.","robots":{"index,follow":"index,follow"},"canonical":"https:\/\/ch.alfasigma.com\/it\/ricerca\/dalla-genetica-la-sfida-al-covid19\/","og_locale":"it_IT","og_type":"article","og_title":"Alfasigma Global - Alfasigma joins the global fight against COVID-19","og_description":"Parte dall\u2019Italia, con partner europei, cinesi e iraniani, uno studio genetico per dare risposta agli interrogativi generati da SARS-CoV-2.","og_url":"https:\/\/ch.alfasigma.com\/it\/ricerca\/dalla-genetica-la-sfida-al-covid19\/","og_site_name":"Alfasigma Schweiz","article_published_time":"2020-04-01T08:32:50+00:00","article_modified_time":"2020-09-13T15:23:53+00:00","og_image":[{"width":1920,"height":1090,"url":"https:\/\/ch.alfasigma.com\/wp-content\/uploads\/2020\/04\/Ricerca-Alfasigma.jpg","type":"image\/jpeg"}],"author":"Simona Grandini","twitter_card":"summary_large_image","twitter_misc":{"Written by":"Simona Grandini","Est. reading time":"2 minutes"},"schema":{"@context":"https:\/\/schema.org","@graph":[{"@type":"Article","@id":"https:\/\/ch.alfasigma.com\/it\/ricerca\/dalla-genetica-la-sfida-al-covid19\/#article","isPartOf":{"@id":"https:\/\/ch.alfasigma.com\/it\/ricerca\/dalla-genetica-la-sfida-al-covid19\/"},"author":{"name":"Simona Grandini","@id":"https:\/\/ch.alfasigma.com\/it\/#\/schema\/person\/3ca962bc30660e68db9a18b3a95f8124"},"headline":"Dalla genetica la sfida al COVID19","datePublished":"2020-04-01T08:32:50+00:00","dateModified":"2020-09-13T15:23:53+00:00","mainEntityOfPage":{"@id":"https:\/\/ch.alfasigma.com\/it\/ricerca\/dalla-genetica-la-sfida-al-covid19\/"},"wordCount":364,"image":{"@id":"https:\/\/ch.alfasigma.com\/it\/ricerca\/dalla-genetica-la-sfida-al-covid19\/#primaryimage"},"thumbnailUrl":"https:\/\/ch.alfasigma.com\/wp-content\/uploads\/2020\/04\/Ricerca-Alfasigma.jpg","articleSection":["Ricerca"],"inLanguage":"it-CH"},{"@type":"WebPage","@id":"https:\/\/ch.alfasigma.com\/it\/ricerca\/dalla-genetica-la-sfida-al-covid19\/","url":"https:\/\/ch.alfasigma.com\/it\/ricerca\/dalla-genetica-la-sfida-al-covid19\/","name":"Alfasigma Global - Alfasigma joins the global fight against COVID-19","isPartOf":{"@id":"https:\/\/ch.alfasigma.com\/it\/#website"},"primaryImageOfPage":{"@id":"https:\/\/ch.alfasigma.com\/it\/ricerca\/dalla-genetica-la-sfida-al-covid19\/#primaryimage"},"image":{"@id":"https:\/\/ch.alfasigma.com\/it\/ricerca\/dalla-genetica-la-sfida-al-covid19\/#primaryimage"},"thumbnailUrl":"https:\/\/ch.alfasigma.com\/wp-content\/uploads\/2020\/04\/Ricerca-Alfasigma.jpg","datePublished":"2020-04-01T08:32:50+00:00","dateModified":"2020-09-13T15:23:53+00:00","author":{"@id":"https:\/\/ch.alfasigma.com\/it\/#\/schema\/person\/3ca962bc30660e68db9a18b3a95f8124"},"description":"Parte dall\u2019Italia, con partner europei, cinesi e iraniani, uno studio genetico per dare risposta agli interrogativi generati da SARS-CoV-2.","breadcrumb":{"@id":"https:\/\/ch.alfasigma.com\/it\/ricerca\/dalla-genetica-la-sfida-al-covid19\/#breadcrumb"},"inLanguage":"it-CH","potentialAction":[{"@type":"ReadAction","target":["https:\/\/ch.alfasigma.com\/it\/ricerca\/dalla-genetica-la-sfida-al-covid19\/"]}]},{"@type":"ImageObject","inLanguage":"it-CH","@id":"https:\/\/ch.alfasigma.com\/it\/ricerca\/dalla-genetica-la-sfida-al-covid19\/#primaryimage","url":"https:\/\/ch.alfasigma.com\/wp-content\/uploads\/2020\/04\/Ricerca-Alfasigma.jpg","contentUrl":"https:\/\/ch.alfasigma.com\/wp-content\/uploads\/2020\/04\/Ricerca-Alfasigma.jpg","width":1920,"height":1090},{"@type":"BreadcrumbList","@id":"https:\/\/ch.alfasigma.com\/it\/ricerca\/dalla-genetica-la-sfida-al-covid19\/#breadcrumb","itemListElement":[{"@type":"ListItem","position":1,"name":"Home","item":"https:\/\/ch.alfasigma.com\/it\/"},{"@type":"ListItem","position":2,"name":"Ricerca","item":"https:\/\/ch.alfasigma.com\/it\/category\/ricerca\/"},{"@type":"ListItem","position":3,"name":"Dalla genetica la sfida al COVID19"}]},{"@type":"WebSite","@id":"https:\/\/ch.alfasigma.com\/it\/#website","url":"https:\/\/ch.alfasigma.com\/it\/","name":"Alfasigma Schweiz","description":"Pharmaceuticals with passion","potentialAction":[{"@type":"SearchAction","target":{"@type":"EntryPoint","urlTemplate":"https:\/\/ch.alfasigma.com\/it\/?s={search_term_string}"},"query-input":{"@type":"PropertyValueSpecification","valueRequired":true,"valueName":"search_term_string"}}],"inLanguage":"it-CH"},{"@type":"Person","@id":"https:\/\/ch.alfasigma.com\/it\/#\/schema\/person\/3ca962bc30660e68db9a18b3a95f8124","name":"Simona Grandini","image":{"@type":"ImageObject","inLanguage":"it-CH","@id":"https:\/\/secure.gravatar.com\/avatar\/70300a5f4559e8d6949d452959f2e78523437d7ffa7111d8b158546aa4b24306?s=96&d=mm&r=g","url":"https:\/\/secure.gravatar.com\/avatar\/70300a5f4559e8d6949d452959f2e78523437d7ffa7111d8b158546aa4b24306?s=96&d=mm&r=g","contentUrl":"https:\/\/secure.gravatar.com\/avatar\/70300a5f4559e8d6949d452959f2e78523437d7ffa7111d8b158546aa4b24306?s=96&d=mm&r=g","caption":"Simona Grandini"}}]}},"_links":{"self":[{"href":"https:\/\/ch.alfasigma.com\/it\/wp-json\/wp\/v2\/posts\/95","targetHints":{"allow":["GET"]}}],"collection":[{"href":"https:\/\/ch.alfasigma.com\/it\/wp-json\/wp\/v2\/posts"}],"about":[{"href":"https:\/\/ch.alfasigma.com\/it\/wp-json\/wp\/v2\/types\/post"}],"author":[{"embeddable":true,"href":"https:\/\/ch.alfasigma.com\/it\/wp-json\/wp\/v2\/users\/2"}],"replies":[{"embeddable":true,"href":"https:\/\/ch.alfasigma.com\/it\/wp-json\/wp\/v2\/comments?post=95"}],"version-history":[{"count":0,"href":"https:\/\/ch.alfasigma.com\/it\/wp-json\/wp\/v2\/posts\/95\/revisions"}],"wp:featuredmedia":[{"embeddable":true,"href":"https:\/\/ch.alfasigma.com\/it\/wp-json\/wp\/v2\/media\/1749"}],"wp:attachment":[{"href":"https:\/\/ch.alfasigma.com\/it\/wp-json\/wp\/v2\/media?parent=95"}],"wp:term":[{"taxonomy":"category","embeddable":true,"href":"https:\/\/ch.alfasigma.com\/it\/wp-json\/wp\/v2\/categories?post=95"},{"taxonomy":"post_tag","embeddable":true,"href":"https:\/\/ch.alfasigma.com\/it\/wp-json\/wp\/v2\/tags?post=95"}],"curies":[{"name":"wp","href":"https:\/\/api.w.org\/{rel}","templated":true}]}}